{"id":6425,"date":"2017-08-18T11:46:27","date_gmt":"2017-08-18T14:46:27","guid":{"rendered":"https:\/\/blogs.correiobraziliense.com.br\/servidor\/?p=6425"},"modified":"2017-08-18T11:46:27","modified_gmt":"2017-08-18T14:46:27","slug":"contas-superestimadas-no-ajuste-fiscal","status":"publish","type":"post","link":"https:\/\/blogs.correiobraziliense.com.br\/servidor\/contas-superestimadas-no-ajuste-fiscal\/","title":{"rendered":"Contas superestimadas no ajuste fiscal"},"content":{"rendered":"<p>Estudo do Departamento Intersindical de Estat\u00edstica e Estudos Socioecon\u00f4micos (Dieese), em parceria com a Confedera\u00e7\u00e3o Nacional dos Trabalhadores no Servi\u00e7o P\u00fablico Federal (Condsef), confirma que o pacote de restri\u00e7\u00f5es n\u00e3o deveria ser aplicado apenas ao Executivo. A pesquisa, com base em levantamento de dados oficiais do Boletim Estat\u00edstico de Pessoal (BEP), refor\u00e7a que o gasto com pessoal est\u00e1 controlado pelos crit\u00e9rios da Lei de Responsabilidade Fiscal (LRF) h\u00e1 pelo menos dez anos.<\/p>\n<p>O BEP, do Minist\u00e9rio do Planejamento, garante o Dieese, mostra que a despesa m\u00e9dia total no Executivo \u00e9 uma das menores da Uni\u00e3o, de pouco mais de R$ 8,5 bilh\u00f5es mensais, enquanto com os militares chega a R$ 6,4 bilh\u00f5es, com o Minist\u00e9rio P\u00fablico da Uni\u00e3o, de R$ 16,5 bilh\u00f5es, com o Judici\u00e1rio, cerca de R$ 18 bilh\u00f5es, e com o Legislativo, mais de R$ 19,4 bilh\u00f5es. Segundo Alessandra de Moura Cadamuro, economista do Dieese, ap\u00f3s o an\u00fancio da meta fiscal pelos ministros da Fazenda, Henrique Meirelles, e do Planejamento, Dyogo Oliveira, restaram muitas d\u00favidas.<\/p>\n<p>\u201cN\u00e3o ficou claro como ser\u00e1 feita tamanha economia (R$ 70 bilh\u00f5es, em 10 anos). Foi citado, por exemplo, o ciclo de gest\u00e3o. A previs\u00e3o \u00e9 de queda nas despesas de 39%, com redu\u00e7\u00e3o no sal\u00e1rio de acesso para R$ 5 mil. Mas como se chegou \u00e0quela conta. Me parece superestimada\u201d, disse. Porque, salientou Alessandra, o governo conta, nessas estimativas, com uma demanda alta para a aposentadoria e com a garantia de que vai entrar todo ano novos servidores. \u201cUm contrassenso porque os concursos est\u00e3o suspensos e a proposta de reforma da Previd\u00eancia do governo incentiva justamente o contr\u00e1rio, que \u00e9 a perman\u00eancia do trabalhador por mais tempo no servi\u00e7o p\u00fablico\u201d, afirmou.<\/p>\n","protected":false},"excerpt":{"rendered":"<p>Estudo do Departamento Intersindical de Estat\u00edstica e Estudos Socioecon\u00f4micos (Dieese), em parceria com a Confedera\u00e7\u00e3o Nacional dos Trabalhadores no Servi\u00e7o P\u00fablico Federal (Condsef), confirma que o pacote de restri\u00e7\u00f5es n\u00e3o deveria ser aplicado apenas ao Executivo. A pesquisa, com base em levantamento de dados oficiais do Boletim Estat\u00edstico de Pessoal (BEP), refor\u00e7a que o gasto com pessoal est\u00e1 controlado pelos [&hellip;]<\/p>\n","protected":false},"author":27,"featured_media":0,"comment_status":"open","ping_status":"closed","sticky":false,"template":"","format":"standard","meta":{"footnotes":""},"categories":[2719],"tags":[78,6,6726,1486,2278,4306,998,8323,2026,8324,88,1287,9,67,1635,64,10,1561,1889,2788,1485,1153,549,711,3512,8322,330],"class_list":["post-6425","post","type-post","status-publish","format-standard","hentry","category-servidor","tag-ajuste","tag-aposentadoria","tag-bep","tag-condsef","tag-contas","tag-controlado","tag-criterios","tag-despesaria","tag-dieese","tag-duvidas","tag-economia","tag-estudo","tag-executivo","tag-fiscal","tag-gasto","tag-judiciario","tag-legislativo","tag-lrf","tag-meta","tag-mpu","tag-pacote","tag-pessoal","tag-previdencia","tag-reforma","tag-restricoes","tag-superestimadas","tag-uniao"],"_links":{"self":[{"href":"https:\/\/blogs.correiobraziliense.com.br\/servidor\/wp-json\/wp\/v2\/posts\/6425","targetHints":{"allow":["GET"]}}],"collection":[{"href":"https:\/\/blogs.correiobraziliense.com.br\/servidor\/wp-json\/wp\/v2\/posts"}],"about":[{"href":"https:\/\/blogs.correiobraziliense.com.br\/servidor\/wp-json\/wp\/v2\/types\/post"}],"author":[{"embeddable":true,"href":"https:\/\/blogs.correiobraziliense.com.br\/servidor\/wp-json\/wp\/v2\/users\/27"}],"replies":[{"embeddable":true,"href":"https:\/\/blogs.correiobraziliense.com.br\/servidor\/wp-json\/wp\/v2\/comments?post=6425"}],"version-history":[{"count":1,"href":"https:\/\/blogs.correiobraziliense.com.br\/servidor\/wp-json\/wp\/v2\/posts\/6425\/revisions"}],"predecessor-version":[{"id":6426,"href":"https:\/\/blogs.correiobraziliense.com.br\/servidor\/wp-json\/wp\/v2\/posts\/6425\/revisions\/6426"}],"wp:attachment":[{"href":"https:\/\/blogs.correiobraziliense.com.br\/servidor\/wp-json\/wp\/v2\/media?parent=6425"}],"wp:term":[{"taxonomy":"category","embeddable":true,"href":"https:\/\/blogs.correiobraziliense.com.br\/servidor\/wp-json\/wp\/v2\/categories?post=6425"},{"taxonomy":"post_tag","embeddable":true,"href":"https:\/\/blogs.correiobraziliense.com.br\/servidor\/wp-json\/wp\/v2\/tags?post=6425"}],"curies":[{"name":"wp","href":"https:\/\/api.w.org\/{rel}","templated":true}]}}