{"id":6418,"date":"2017-08-17T17:05:49","date_gmt":"2017-08-17T20:05:49","guid":{"rendered":"https:\/\/blogs.correiobraziliense.com.br\/servidor\/?p=6418"},"modified":"2017-08-17T17:05:49","modified_gmt":"2017-08-17T20:05:49","slug":"pf-aborta-missoes-administrativas-por-falta-de-recursos","status":"publish","type":"post","link":"https:\/\/blogs.correiobraziliense.com.br\/servidor\/pf-aborta-missoes-administrativas-por-falta-de-recursos\/","title":{"rendered":"PF aborta miss\u00f5es administrativas por falta de recursos"},"content":{"rendered":"<p><em>A Pol\u00edcia Federal do Rio de Janeiro poder\u00e1 ter de abortar miss\u00f5es (migra\u00e7\u00e3o, imigra\u00e7\u00e3o, emiss\u00e3o de passaporte) por falta de recursos para pagamento de di\u00e1rias de servidores, denunciou o Sindicato Nacional dos Servidores do Plano Especial de Cargos da Pol\u00edcia Federal (SinpecPF). Entre as miss\u00f5es administrativas em curso hoje na PF, est\u00e1 o controle migrat\u00f3rio de refugiados da Venezuela.<\/em><\/p>\n<p>Segundo a entidade sindical, memorando expedido nesta quinta-feira (17) pelo Setor de Administra\u00e7\u00e3o e Log\u00edstica do \u00f3rg\u00e3o informou que o or\u00e7amento previsto para custeio de miss\u00f5es administrativas ainda n\u00e3o foi totalmente repassado pela c\u00fapula da PF e o cen\u00e1rio de restri\u00e7\u00f5es or\u00e7ament\u00e1rias pode impedir que o repasse ocorra at\u00e9 o final do ano.<\/p>\n<p>Diante da incerteza sobre a capacidade de custear essas opera\u00e7\u00f5es, a Superintend\u00eancia orienta as chefias cariocas a s\u00f3 autorizarem ordens de servi\u00e7o quando houver aloca\u00e7\u00e3o or\u00e7ament\u00e1ria dispon\u00edvel. \u201cDado que o \u00f3rg\u00e3o trabalha hoje no limite, \u00e9 bem prov\u00e1vel que parte das miss\u00f5es seja abortada caso n\u00e3o haja a complementa\u00e7\u00e3o or\u00e7ament\u00e1ria\u201d, avalia \u00c9der Fernando da Silva, presidente do SinpecPF, sindicato que representa os servidores administrativos da PF.<\/p>\n<p>A medida afeta apenas a categoria administrativa, tendo em vista que os recursos destinados \u00e0s di\u00e1rias policiais saem de fundo espec\u00edfico, o Funapol. \u201cEssa distin\u00e7\u00e3o \u00e9 problem\u00e1tica, porque o fundo administrativo \u00e9 menor, embora a car\u00eancia de pessoal administrativo seja muito maior\u201d, aponta \u00c9der. Hoje a PF conta com apenas 2.784 administrativos, enquanto o contingente policial soma 11.356 servidores.<\/p>\n<p>Para o sindicato, inserir os administrativos nos recursos policiais n\u00e3o resolveria o problema. Os recursos do fundo policial s\u00e3o mais restritos e n\u00e3o podem ser remanejados, algo que ainda pode ser feito no caso das di\u00e1rias administrativas, que podem ser complementadas com recursos redistribu\u00eddos de outras \u00e1reas.<\/p>\n<p>O problema, segundo \u00c9der, \u00e9 que a PF j\u00e1 n\u00e3o tem mais de onde tirar. \u201cTodas as atividades administrativas s\u00e3o importantes. Garantimos toda a parte log\u00edstica das miss\u00f5es policiais, cuidamos da parte burocr\u00e1tica do \u00f3rg\u00e3o e do atendimento ao p\u00fablico, caso da imigra\u00e7\u00e3o e do passaporte. Todas essas \u00e1reas est\u00e3o carentes de recursos e de pessoal\u201d, afirma.<\/p>\n<p>Entre as miss\u00f5es administrativas em curso hoje na PF, destaca-se o controle migrat\u00f3rio de refugiados da Venezuela. Segundo a Superintend\u00eancia da PF em Roraima, o n\u00famero de venezuelanos que solicitaram ref\u00fagio cresceu 22.122% nos \u00faltimos tr\u00eas anos. Apenas em 2016, mais de 2 mil venezuelanos foram \u00e0 sede da PF em Boa Vista pedir a condi\u00e7\u00e3o de ref\u00fagio. Tais processos s\u00e3o tocados por administrativos e, devido ao aumento da demanda, servidores de outros estados foram enviados \u00e0 Roraima para auxiliar nos trabalhos.<\/p>\n","protected":false},"excerpt":{"rendered":"<p>A Pol\u00edcia Federal do Rio de Janeiro poder\u00e1 ter de abortar miss\u00f5es (migra\u00e7\u00e3o, imigra\u00e7\u00e3o, emiss\u00e3o de passaporte) por falta de recursos para pagamento de di\u00e1rias de servidores, denunciou o Sindicato Nacional dos Servidores do Plano Especial de Cargos da Pol\u00edcia Federal (SinpecPF). Entre as miss\u00f5es administrativas em curso hoje na PF, est\u00e1 o controle migrat\u00f3rio de refugiados da Venezuela. Segundo [&hellip;]<\/p>\n","protected":false},"author":27,"featured_media":0,"comment_status":"open","ping_status":"closed","sticky":false,"template":"","format":"standard","meta":{"footnotes":""},"categories":[2719],"tags":[8309,4434,271,8311,207,4282,236,1549,1753,943,467,6999,3898,1780,2482,318,151,1153,319,110,316,8310,8312,3512,3842,58,323],"class_list":["post-6418","post","type-post","status-publish","format-standard","hentry","category-servidor","tag-aborta","tag-administrativas","tag-carencia","tag-contingente","tag-controle","tag-cupula","tag-custeio","tag-demanda","tag-diarias","tag-estados","tag-falta","tag-funapol","tag-memorando","tag-migracao","tag-missoes","tag-orcamento","tag-pagamento","tag-pessoal","tag-pf","tag-policiais","tag-recursos","tag-refugiados","tag-remanejado","tag-restricoes","tag-restrito","tag-servidores","tag-sinpecpf"],"_links":{"self":[{"href":"https:\/\/blogs.correiobraziliense.com.br\/servidor\/wp-json\/wp\/v2\/posts\/6418","targetHints":{"allow":["GET"]}}],"collection":[{"href":"https:\/\/blogs.correiobraziliense.com.br\/servidor\/wp-json\/wp\/v2\/posts"}],"about":[{"href":"https:\/\/blogs.correiobraziliense.com.br\/servidor\/wp-json\/wp\/v2\/types\/post"}],"author":[{"embeddable":true,"href":"https:\/\/blogs.correiobraziliense.com.br\/servidor\/wp-json\/wp\/v2\/users\/27"}],"replies":[{"embeddable":true,"href":"https:\/\/blogs.correiobraziliense.com.br\/servidor\/wp-json\/wp\/v2\/comments?post=6418"}],"version-history":[{"count":1,"href":"https:\/\/blogs.correiobraziliense.com.br\/servidor\/wp-json\/wp\/v2\/posts\/6418\/revisions"}],"predecessor-version":[{"id":6419,"href":"https:\/\/blogs.correiobraziliense.com.br\/servidor\/wp-json\/wp\/v2\/posts\/6418\/revisions\/6419"}],"wp:attachment":[{"href":"https:\/\/blogs.correiobraziliense.com.br\/servidor\/wp-json\/wp\/v2\/media?parent=6418"}],"wp:term":[{"taxonomy":"category","embeddable":true,"href":"https:\/\/blogs.correiobraziliense.com.br\/servidor\/wp-json\/wp\/v2\/categories?post=6418"},{"taxonomy":"post_tag","embeddable":true,"href":"https:\/\/blogs.correiobraziliense.com.br\/servidor\/wp-json\/wp\/v2\/tags?post=6418"}],"curies":[{"name":"wp","href":"https:\/\/api.w.org\/{rel}","templated":true}]}}