{"id":6412,"date":"2017-08-17T15:20:57","date_gmt":"2017-08-17T18:20:57","guid":{"rendered":"https:\/\/blogs.correiobraziliense.com.br\/servidor\/?p=6412"},"modified":"2017-08-17T15:20:57","modified_gmt":"2017-08-17T18:20:57","slug":"rachid-apresenta-propostas-na-cpi-da-previdencia-social","status":"publish","type":"post","link":"https:\/\/blogs.correiobraziliense.com.br\/servidor\/rachid-apresenta-propostas-na-cpi-da-previdencia-social\/","title":{"rendered":"Rachid apresenta propostas na CPI da Previd\u00eancia Social"},"content":{"rendered":"<p>O secret\u00e1rio da Receita Federal, auditor-fiscal Jorge Rachid, apresentou na CPI da Previd\u00eancia Social propostas e reflex\u00f5es sobre o modelo atual de tributa\u00e7\u00e3o e arrecada\u00e7\u00e3o das contribui\u00e7\u00f5es previdenci\u00e1rias.<\/p>\n<p>Por meio de nota, a Receita Federal informou que Rachid mostrou, por meio de tabelas e gr\u00e1ficos, que diversos setores da economia contam com benef\u00edcios em rela\u00e7\u00e3o \u00e0s contribui\u00e7\u00f5es previdenci\u00e1rias. Ele citou exemplos dos setores de exporta\u00e7\u00e3o, MEI e Simples Nacional. E disse que mais de 30% da massa salarial est\u00e1 em setores beneficiados por essas desonera\u00e7\u00f5es. A \u00edntegra da apresenta\u00e7\u00e3o projetada na comiss\u00e3o pode ser vista em <a href=\"http:\/\/legis.senado.leg.br\/sdleg-getter\/documento\/download\/765912b1-fd1e-463b-91e9-e287f87c2331\" target=\"_blank\">http:\/\/legis.senado.leg.br\/sdleg-getter\/documento\/download\/765912b1-fd1e-463b-91e9-e287f87c2331<\/a><\/p>\n<p>De acordo com a nota, ele disse aos senadores que a Receita Federal tem priorizado a fiscaliza\u00e7\u00e3o nesses setores para combater a sonega\u00e7\u00e3o. E afirmou que &#8220;quem acha que sonegar \u00e9 bom neg\u00f3cio est\u00e1 equivocado. Estamos trabalhando de forma efetiva e utilizando cada vez mais ferramentas para para identificar contribuintes que praticam il\u00edcitos&#8221;.<\/p>\n<p>Rachid afirmou que &#8220;previd\u00eancia social \u00e9 financiamento direto, e n\u00e3o deve ser usada como modelo de incentivo&#8221;. E concluiu dizendo ser necess\u00e1rio que se reflita sobre este modelo de ren\u00fancias. Ele fez algumas propostas, incluindo a diminui\u00e7\u00e3o das ren\u00fancias. As propostas tamb\u00e9m est\u00e3o na apresenta\u00e7\u00e3o.<\/p>\n<p>Os debates foram realizados na audi\u00eancia p\u00fablica da CPI da Previd\u00eancia Social, onde tamb\u00e9m foram ouvidos o presidente do INSS, o diretor-superintendente da Previc, o secret\u00e1rio da Previd\u00eancia e um representante da Fenadepol.<\/p>\n","protected":false},"excerpt":{"rendered":"<p>O secret\u00e1rio da Receita Federal, auditor-fiscal Jorge Rachid, apresentou na CPI da Previd\u00eancia Social propostas e reflex\u00f5es sobre o modelo atual de tributa\u00e7\u00e3o e arrecada\u00e7\u00e3o das contribui\u00e7\u00f5es previdenci\u00e1rias. Por meio de nota, a Receita Federal informou que Rachid mostrou, por meio de tabelas e gr\u00e1ficos, que diversos setores da economia contam com benef\u00edcios em rela\u00e7\u00e3o \u00e0s contribui\u00e7\u00f5es previdenci\u00e1rias. Ele citou [&hellip;]<\/p>\n","protected":false},"author":27,"featured_media":0,"comment_status":"open","ping_status":"closed","sticky":false,"template":"","format":"standard","meta":{"footnotes":""},"categories":[2719],"tags":[946,852,2488,152,3468,88,8302,1597,3054,2864,3124,565,1603,922,5818,466,8303,1750,1431,2769],"class_list":["post-6412","post","type-post","status-publish","format-standard","hentry","category-servidor","tag-arrecadacao","tag-beneficios","tag-contribuicoes","tag-cpi","tag-desoneracoes","tag-economia","tag-graricos","tag-incentivo","tag-jorge-rachid","tag-massa","tag-mei","tag-modelo","tag-previdencia-social","tag-propostas","tag-setores","tag-simples-nacional","tag-slarial","tag-sonegacao","tag-tabelas","tag-tributacao"],"_links":{"self":[{"href":"https:\/\/blogs.correiobraziliense.com.br\/servidor\/wp-json\/wp\/v2\/posts\/6412","targetHints":{"allow":["GET"]}}],"collection":[{"href":"https:\/\/blogs.correiobraziliense.com.br\/servidor\/wp-json\/wp\/v2\/posts"}],"about":[{"href":"https:\/\/blogs.correiobraziliense.com.br\/servidor\/wp-json\/wp\/v2\/types\/post"}],"author":[{"embeddable":true,"href":"https:\/\/blogs.correiobraziliense.com.br\/servidor\/wp-json\/wp\/v2\/users\/27"}],"replies":[{"embeddable":true,"href":"https:\/\/blogs.correiobraziliense.com.br\/servidor\/wp-json\/wp\/v2\/comments?post=6412"}],"version-history":[{"count":1,"href":"https:\/\/blogs.correiobraziliense.com.br\/servidor\/wp-json\/wp\/v2\/posts\/6412\/revisions"}],"predecessor-version":[{"id":6413,"href":"https:\/\/blogs.correiobraziliense.com.br\/servidor\/wp-json\/wp\/v2\/posts\/6412\/revisions\/6413"}],"wp:attachment":[{"href":"https:\/\/blogs.correiobraziliense.com.br\/servidor\/wp-json\/wp\/v2\/media?parent=6412"}],"wp:term":[{"taxonomy":"category","embeddable":true,"href":"https:\/\/blogs.correiobraziliense.com.br\/servidor\/wp-json\/wp\/v2\/categories?post=6412"},{"taxonomy":"post_tag","embeddable":true,"href":"https:\/\/blogs.correiobraziliense.com.br\/servidor\/wp-json\/wp\/v2\/tags?post=6412"}],"curies":[{"name":"wp","href":"https:\/\/api.w.org\/{rel}","templated":true}]}}