{"id":6372,"date":"2017-08-16T12:16:15","date_gmt":"2017-08-16T15:16:15","guid":{"rendered":"https:\/\/blogs.correiobraziliense.com.br\/servidor\/?p=6372"},"modified":"2017-08-16T12:16:15","modified_gmt":"2017-08-16T15:16:15","slug":"mercados-veem-alivio-com-anuncio-da-meta","status":"publish","type":"post","link":"https:\/\/blogs.correiobraziliense.com.br\/servidor\/mercados-veem-alivio-com-anuncio-da-meta\/","title":{"rendered":"Mercados veem al\u00edvio com an\u00fancio da meta"},"content":{"rendered":"<p><strong>RODOLFO COSTA<\/strong><\/p>\n<p>A revis\u00e3o da meta fiscal para 2017 e 2018 deve estancar as volatilidades nos mercados. Ap\u00f3s uma alta do d\u00f3lar na segunda-feira, a divisa norte-americana registrou ontem, diante da expectativa do an\u00fancio do novo n\u00famero, recuo de 0,91%, encerrando cotada R$ 3,173. O principal \u00edndice da Bolsa de Valores de S\u00e3o Paulo (Ibovespa) subiu 0,10%, a 68.355 pontos. Com a defini\u00e7\u00e3o do rombo dentro de uma realidade aceit\u00e1vel pelos agentes econ\u00f4micos, analistas preveem um estancamento de oscila\u00e7\u00f5es nos pr\u00f3ximos dias. Pelo menos no que depender do ambiente interno.<\/p>\n<p>O temor do mercado era de que uma revis\u00e3o acima dos R$ 159 bilh\u00f5es anunciados pela equipe econ\u00f4mica ontem criasse desconforto entre o governo federal e o Congresso Nacional, provocando animosidades e dificultando o di\u00e1logo pelas reformas.<\/p>\n<p>Ap\u00f3s o ministro da Fazenda, Henrique Meirelles, ter refutado a possibilidade de um deficit pr\u00f3ximo de R$ 170 bilh\u00f5es, houve um voto de confian\u00e7a dos investidores, na avalia\u00e7\u00e3o do economista-chefe da A2A Asset &amp; INVX Global Partners, Eduardo Velho.<\/p>\n<p>\u201cN\u00e3o vejo o mercado piorando tanto. Melhorou um pouco na margem, mas n\u00e3o \u00e9 uma situa\u00e7\u00e3o favor\u00e1vel\u201d, disse. O economista, no entanto, n\u00e3o imagina uma queda acentuada da bolsa ou uma alta forte do d\u00f3lar. \u201cAcredito que o mercado ficar\u00e1 neutro, porque j\u00e1 era esperado uma revis\u00e3o de R$ 159 bilh\u00f5es e consist\u00eancia de transpar\u00eancia da equipe econ\u00f4mica. N\u00e3o vejo como piorar muito\u201d, ponderou.<\/p>\n<p>O pr\u00f3prio comunicado da equipe econ\u00f4mica, com corte de gastos na carne, incluindo elimina\u00e7\u00e3o de 60 mil cargos, mostra que, dos males, o governo adotou o menor, ao aumentar o deficit sem amplia\u00e7\u00e3o das despesas, destacou Velho. \u201cQualquer aumento de deficit seria ruim. Mas, se tivesse ampliado os gastos, a situa\u00e7\u00e3o seria pior. O mercado sabe que h\u00e1 uma frustra\u00e7\u00e3o de receitas em fun\u00e7\u00e3o de uma perspectiva menor de receitas extraordin\u00e1rias e da previs\u00e3o de um crescimento menor do PIB (Produto Interno Bruto).\u201d<\/p>\n<p>Apesar do transparente an\u00fancio da equipe econ\u00f4mica, o economista Jos\u00e9 Luis Oreiro, professor da Universidade de Bras\u00edlia (UnB), entende que o desgaste poderia ter sido menor. \u201cEssa discuss\u00e3o me parece surreal. A meta est\u00e1 sendo revista basicamente porque o governo errou a proje\u00e7\u00e3o de receita. O processo de elabora\u00e7\u00e3o da Lei Or\u00e7ament\u00e1ria Anual (LOA) precisa ser mais sistem\u00e1tico. Desde 2010 os governos tem superestimado a receita or\u00e7ament\u00e1ria\u201d, analisou. O ideal, para ele, seria a equipe econ\u00f4mica trabalhar com um dispositivo que revisasse a meta na mesma propor\u00e7\u00e3o da subestima\u00e7\u00e3o da receita. \u201cSeria uma esp\u00e9cie de margem de seguran\u00e7a\u201d, acrescenta.<\/p>\n","protected":false},"excerpt":{"rendered":"<p>RODOLFO COSTA A revis\u00e3o da meta fiscal para 2017 e 2018 deve estancar as volatilidades nos mercados. Ap\u00f3s uma alta do d\u00f3lar na segunda-feira, a divisa norte-americana registrou ontem, diante da expectativa do an\u00fancio do novo n\u00famero, recuo de 0,91%, encerrando cotada R$ 3,173. O principal \u00edndice da Bolsa de Valores de S\u00e3o Paulo (Ibovespa) subiu 0,10%, a 68.355 pontos. [&hellip;]<\/p>\n","protected":false},"author":27,"featured_media":0,"comment_status":"open","ping_status":"closed","sticky":false,"template":"","format":"standard","meta":{"footnotes":""},"categories":[2719],"tags":[6647,8250,791,3172,235,373,7707,8251,67,1619,6141,1889,8252,24,1377,2135,592,168,5674],"class_list":["post-6372","post","type-post","status-publish","format-standard","hentry","category-servidor","tag-alivio","tag-bolsa-de-valo4res","tag-cargos","tag-confianca","tag-despesas","tag-dolar","tag-eliminacao","tag-estancamento","tag-fiscal","tag-investidores","tag-mercados","tag-meta","tag-oscilacoes","tag-publicos","tag-queda","tag-revisao","tag-rombo","tag-transparencia","tag-volatilidade"],"_links":{"self":[{"href":"https:\/\/blogs.correiobraziliense.com.br\/servidor\/wp-json\/wp\/v2\/posts\/6372","targetHints":{"allow":["GET"]}}],"collection":[{"href":"https:\/\/blogs.correiobraziliense.com.br\/servidor\/wp-json\/wp\/v2\/posts"}],"about":[{"href":"https:\/\/blogs.correiobraziliense.com.br\/servidor\/wp-json\/wp\/v2\/types\/post"}],"author":[{"embeddable":true,"href":"https:\/\/blogs.correiobraziliense.com.br\/servidor\/wp-json\/wp\/v2\/users\/27"}],"replies":[{"embeddable":true,"href":"https:\/\/blogs.correiobraziliense.com.br\/servidor\/wp-json\/wp\/v2\/comments?post=6372"}],"version-history":[{"count":1,"href":"https:\/\/blogs.correiobraziliense.com.br\/servidor\/wp-json\/wp\/v2\/posts\/6372\/revisions"}],"predecessor-version":[{"id":6373,"href":"https:\/\/blogs.correiobraziliense.com.br\/servidor\/wp-json\/wp\/v2\/posts\/6372\/revisions\/6373"}],"wp:attachment":[{"href":"https:\/\/blogs.correiobraziliense.com.br\/servidor\/wp-json\/wp\/v2\/media?parent=6372"}],"wp:term":[{"taxonomy":"category","embeddable":true,"href":"https:\/\/blogs.correiobraziliense.com.br\/servidor\/wp-json\/wp\/v2\/categories?post=6372"},{"taxonomy":"post_tag","embeddable":true,"href":"https:\/\/blogs.correiobraziliense.com.br\/servidor\/wp-json\/wp\/v2\/tags?post=6372"}],"curies":[{"name":"wp","href":"https:\/\/api.w.org\/{rel}","templated":true}]}}