{"id":6366,"date":"2017-08-15T18:02:16","date_gmt":"2017-08-15T21:02:16","guid":{"rendered":"https:\/\/blogs.correiobraziliense.com.br\/servidor\/?p=6366"},"modified":"2017-08-15T18:02:16","modified_gmt":"2017-08-15T21:02:16","slug":"mudanca-de-agenda-fazenda-apresenta-meta-fiscal-hoje-as-18-horas","status":"publish","type":"post","link":"https:\/\/blogs.correiobraziliense.com.br\/servidor\/mudanca-de-agenda-fazenda-apresenta-meta-fiscal-hoje-as-18-horas\/","title":{"rendered":"Mudan\u00e7a de agenda &#8211; Fazenda apresenta meta fiscal hoje \u00e0s 18 horas"},"content":{"rendered":"<div class=\"mc-column content-text active-extra-styles active-capital-letter\">\n<p class=\"content-text__container theme-color-primary-first-letter\">Em meio a uma conturbada agenda t\u00e9cnica, com claras interfer\u00eancias pol\u00edticas, o Minist\u00e9rio da Fazenda mudou mais uma vez data e hora para a divulga\u00e7\u00e3o do rombo nas contas p\u00fablicas. O \u00f3rg\u00e3o informou que anuncia \u00e0s 18h desta ter\u00e7a-feira (15) a proposta da nova meta fiscal de 2017 e 2018.<\/p>\n<\/div>\n<div class=\"mc-column content-text active-extra-styles \">\n<p class=\"content-text__container \">O objetivo era de que os n\u00fameros fossem divulgados ontem. Passou para hoje e acabou sendo adiado para amanh\u00e3. Mas, por volta das 17 horas, mas comunicou o novo hor\u00e1rio. A expectativa \u00e9 que o novo valor fique em torno de R$ 159 bilh\u00f5es, tanto para este quanto para o ano que vem.<\/p>\n<\/div>\n<p>&nbsp;<\/p>\n","protected":false},"excerpt":{"rendered":"<p>Em meio a uma conturbada agenda t\u00e9cnica, com claras interfer\u00eancias pol\u00edticas, o Minist\u00e9rio da Fazenda mudou mais uma vez data e hora para a divulga\u00e7\u00e3o do rombo nas contas p\u00fablicas. O \u00f3rg\u00e3o informou que anuncia \u00e0s 18h desta ter\u00e7a-feira (15) a proposta da nova meta fiscal de 2017 e 2018. O objetivo era de que os n\u00fameros fossem divulgados ontem. [&hellip;]<\/p>\n","protected":false},"author":27,"featured_media":0,"comment_status":"open","ping_status":"closed","sticky":false,"template":"","format":"standard","meta":{"footnotes":""},"categories":[2719],"tags":[1527,3156,2278,8245,67,1889,810,91,1633,592],"class_list":["post-6366","post","type-post","status-publish","format-standard","hentry","category-servidor","tag-agenda","tag-apresenta","tag-contas","tag-expectativa-proposta","tag-fiscal","tag-meta","tag-ministerio-da-fazenda","tag-mudanca","tag-publicas","tag-rombo"],"_links":{"self":[{"href":"https:\/\/blogs.correiobraziliense.com.br\/servidor\/wp-json\/wp\/v2\/posts\/6366","targetHints":{"allow":["GET"]}}],"collection":[{"href":"https:\/\/blogs.correiobraziliense.com.br\/servidor\/wp-json\/wp\/v2\/posts"}],"about":[{"href":"https:\/\/blogs.correiobraziliense.com.br\/servidor\/wp-json\/wp\/v2\/types\/post"}],"author":[{"embeddable":true,"href":"https:\/\/blogs.correiobraziliense.com.br\/servidor\/wp-json\/wp\/v2\/users\/27"}],"replies":[{"embeddable":true,"href":"https:\/\/blogs.correiobraziliense.com.br\/servidor\/wp-json\/wp\/v2\/comments?post=6366"}],"version-history":[{"count":1,"href":"https:\/\/blogs.correiobraziliense.com.br\/servidor\/wp-json\/wp\/v2\/posts\/6366\/revisions"}],"predecessor-version":[{"id":6367,"href":"https:\/\/blogs.correiobraziliense.com.br\/servidor\/wp-json\/wp\/v2\/posts\/6366\/revisions\/6367"}],"wp:attachment":[{"href":"https:\/\/blogs.correiobraziliense.com.br\/servidor\/wp-json\/wp\/v2\/media?parent=6366"}],"wp:term":[{"taxonomy":"category","embeddable":true,"href":"https:\/\/blogs.correiobraziliense.com.br\/servidor\/wp-json\/wp\/v2\/categories?post=6366"},{"taxonomy":"post_tag","embeddable":true,"href":"https:\/\/blogs.correiobraziliense.com.br\/servidor\/wp-json\/wp\/v2\/tags?post=6366"}],"curies":[{"name":"wp","href":"https:\/\/api.w.org\/{rel}","templated":true}]}}