{"id":6364,"date":"2017-08-15T17:48:01","date_gmt":"2017-08-15T20:48:01","guid":{"rendered":"https:\/\/blogs.correiobraziliense.com.br\/servidor\/?p=6364"},"modified":"2017-08-15T17:48:01","modified_gmt":"2017-08-15T20:48:01","slug":"vereador-do-democratas-entra-com-acao-para-barrar-titulo-de-doutor-lula-na-bahia","status":"publish","type":"post","link":"https:\/\/blogs.correiobraziliense.com.br\/servidor\/vereador-do-democratas-entra-com-acao-para-barrar-titulo-de-doutor-lula-na-bahia\/","title":{"rendered":"Vereador do Democratas entra com a\u00e7\u00e3o para barrar t\u00edtulo de doutor a Lula na Bahia"},"content":{"rendered":"<div>O vereador de Salvador Alexandre Aleluia (Democratas) entrou, nesta <span id=\"OBJ_PREFIX_DWT2191_com_zimbra_date\" class=\"Object\"><span id=\"OBJ_PREFIX_DWT2193_com_zimbra_date\" class=\"Object\">segunda<\/span><\/span>-feira (15\/08), com uma a\u00e7\u00e3o popular na Justi\u00e7a Federal da Bahia contra a concess\u00e3o de t\u00edtulo de doutor honoris causa para o ex-presidente Lula pela Universidade Federal do Rec\u00f4ncavo Baiano (UFRB).<\/div>\n<div><\/div>\n<div>O argumento \u00e9 que o ato fere o princ\u00edpio da moralidade da administra\u00e7\u00e3o p\u00fablica, segundo estabelecido no artigo 37 da Constitui\u00e7\u00e3o Federal. Lula j\u00e1 se declarou pr\u00e9-candidato \u00e0 Presid\u00eancia da Rep\u00fablica e estaria em campanha pol\u00edtica com a &#8220;Caravana Lula pelo Nordeste&#8221;. Aleluia tamb\u00e9m cita a recente condena\u00e7\u00e3o do ex-presidente na Justi\u00e7a e lamenta o direcionamento pol\u00edtico do conselho universit\u00e1rio.<\/div>\n<div><\/div>\n<div>&#8220;\u00c9 uma imoralidade que um condenado na Justi\u00e7a receba esse tipo de honraria de uma universidade p\u00fablica, cuja indica\u00e7\u00e3o foi realizada ap\u00f3s a divulga\u00e7\u00e3o da pena e com claros fins de campanha antecipada. Criminoso condenado n\u00e3o merece titulo, merece senten\u00e7a&#8221;, protestou o vereador.<\/div>\n<div><\/div>\n<div>Na a\u00e7\u00e3o, tamb\u00e9m \u00e9 citado judicialmente o reitor alagoano S\u00edlvio Luiz de Oliveira Soglia. A cerim\u00f4nia est\u00e1 prevista para ocorrer na <span id=\"OBJ_PREFIX_DWT2192_com_zimbra_date\" class=\"Object\"><span id=\"OBJ_PREFIX_DWT2194_com_zimbra_date\" class=\"Object\">sexta<\/span><\/span>-feira (18). A a\u00e7\u00e3o ser\u00e1 julgada na 10\u00aa Vara Federal C\u00edvel Se\u00e7\u00e3o Judici\u00e1ria da Bahia.<\/div>\n","protected":false},"excerpt":{"rendered":"<p>O vereador de Salvador Alexandre Aleluia (Democratas) entrou, nesta segunda-feira (15\/08), com uma a\u00e7\u00e3o popular na Justi\u00e7a Federal da Bahia contra a concess\u00e3o de t\u00edtulo de doutor honoris causa para o ex-presidente Lula pela Universidade Federal do Rec\u00f4ncavo Baiano (UFRB). O argumento \u00e9 que o ato fere o princ\u00edpio da moralidade da administra\u00e7\u00e3o p\u00fablica, segundo estabelecido no artigo 37 da [&hellip;]<\/p>\n","protected":false},"author":27,"featured_media":0,"comment_status":"open","ping_status":"closed","sticky":false,"template":"","format":"standard","meta":{"footnotes":""},"categories":[2719],"tags":[176,8240,3837,305,8243,2584,8239,8238,3944,1106,8242,8244,260,1361,2181,3452,8241,3542],"class_list":["post-6364","post","type-post","status-publish","format-standard","hentry","category-servidor","tag-acao","tag-banhia","tag-barrar","tag-campanha","tag-cndenacao","tag-constituicao","tag-dem","tag-democratas","tag-doutor","tag-ex-presidente","tag-honoris-causa","tag-honraria","tag-justica","tag-lula","tag-moralidade","tag-titulo","tag-ufrb","tag-vereador"],"_links":{"self":[{"href":"https:\/\/blogs.correiobraziliense.com.br\/servidor\/wp-json\/wp\/v2\/posts\/6364","targetHints":{"allow":["GET"]}}],"collection":[{"href":"https:\/\/blogs.correiobraziliense.com.br\/servidor\/wp-json\/wp\/v2\/posts"}],"about":[{"href":"https:\/\/blogs.correiobraziliense.com.br\/servidor\/wp-json\/wp\/v2\/types\/post"}],"author":[{"embeddable":true,"href":"https:\/\/blogs.correiobraziliense.com.br\/servidor\/wp-json\/wp\/v2\/users\/27"}],"replies":[{"embeddable":true,"href":"https:\/\/blogs.correiobraziliense.com.br\/servidor\/wp-json\/wp\/v2\/comments?post=6364"}],"version-history":[{"count":1,"href":"https:\/\/blogs.correiobraziliense.com.br\/servidor\/wp-json\/wp\/v2\/posts\/6364\/revisions"}],"predecessor-version":[{"id":6365,"href":"https:\/\/blogs.correiobraziliense.com.br\/servidor\/wp-json\/wp\/v2\/posts\/6364\/revisions\/6365"}],"wp:attachment":[{"href":"https:\/\/blogs.correiobraziliense.com.br\/servidor\/wp-json\/wp\/v2\/media?parent=6364"}],"wp:term":[{"taxonomy":"category","embeddable":true,"href":"https:\/\/blogs.correiobraziliense.com.br\/servidor\/wp-json\/wp\/v2\/categories?post=6364"},{"taxonomy":"post_tag","embeddable":true,"href":"https:\/\/blogs.correiobraziliense.com.br\/servidor\/wp-json\/wp\/v2\/tags?post=6364"}],"curies":[{"name":"wp","href":"https:\/\/api.w.org\/{rel}","templated":true}]}}