{"id":6356,"date":"2017-08-15T13:11:50","date_gmt":"2017-08-15T16:11:50","guid":{"rendered":"https:\/\/blogs.correiobraziliense.com.br\/servidor\/?p=6356"},"modified":"2017-08-15T13:11:50","modified_gmt":"2017-08-15T16:11:50","slug":"mpf-quer-que-trf2-negue-soltura-de-gestor-de-banco-clandestino-de-cabral","status":"publish","type":"post","link":"https:\/\/blogs.correiobraziliense.com.br\/servidor\/mpf-quer-que-trf2-negue-soltura-de-gestor-de-banco-clandestino-de-cabral\/","title":{"rendered":"MPF quer que TRF2 negue soltura de gestor de banco clandestino de S\u00e9rgio Cabral"},"content":{"rendered":"<div><span style=\"font-size: large\"><em>Lava Jato acusa David Sampaio de organiza\u00e7\u00e3o criminosa e lavagem de dinheiro via TransExpert<\/em><\/span><\/div>\n<div><\/div>\n<div><span style=\"font-size: medium\">O Minist\u00e9rio P\u00fablico Federal (MPF) rebateu o pedido de soltura ou pris\u00e3o domiciliar para o policial civil aposentado David Sampaio, gestor da TransExpert Vigil\u00e2ncia e Transporte de Valores preso na Opera\u00e7\u00e3o Ponto Final, em julho. Ele foi denunciado pela For\u00e7a-tarefa Lava- Jato no Rio<span id=\"OBJ_PREFIX_DWT1725_com_zimbra_date\" class=\"Object\"> de Janeiro<\/span> por lavagem de dinheiro e participa\u00e7\u00e3o na organiza\u00e7\u00e3o criminosa do ex-governador S\u00e9rgio Cabral. O habeas corpus em nome de Sampaio ser\u00e1 julgado pelo Tribunal Regional Federal da 2a Regi\u00e3o (TRF2), onde ele est\u00e1 pautado para a sess\u00e3o desta 4a feira (16\/8) da 1a Turma.<\/span><\/div>\n<div><span style=\"font-size: medium\">\u00a0<\/span><\/div>\n<div><span style=\"font-size: medium\">Em parecer sobre o habeas corpus, o MPF na 2a Regi\u00e3o (RJ\/ES) defendeu a manuten\u00e7\u00e3o da pris\u00e3o preventiva para a preserva\u00e7\u00e3o da ordem p\u00fablica, a aplica\u00e7\u00e3o da lei penal e em raz\u00e3o da gravidade das condutas (HC <span id=\"OBJ_PREFIX_DWT1726_com_zimbra_phone\" class=\"Object\"><a href=\"20170000008791-1\">20170000008791-1<\/a><\/span>). Para o MPF, h\u00e1 uma s\u00e9rie de provas demonstrando a participa\u00e7\u00e3o de Sampaio no recolhimento regular de propina de empres\u00e1rios de \u00f4nibus para pol\u00edticos e outras autoridades e sua liberta\u00e7\u00e3o implicaria risco de reitera\u00e7\u00e3o criminosa e retomada da atividade il\u00edcita. A TransExpert foi uma das empresas que conduziam e guardavam propinas, atuando como institui\u00e7\u00e3o financeira clandestina.<\/span><\/div>\n<div><span style=\"font-size: medium\">\u00a0<\/span><\/div>\n<div><span style=\"font-size: medium\">\u201cAo contr\u00e1rio da afirma\u00e7\u00e3o da defesa de a pris\u00e3o <span id=\"OBJ_PREFIX_DWT1727_com_zimbra_date\" class=\"Object\"><span id=\"OBJ_PREFIX_DWT1728_com_zimbra_date\" class=\"Object\">ter<\/span><\/span> sido decretada com base em considera\u00e7\u00f5es gen\u00e9ricas sobre a gravidade abstrata do crime de corrup\u00e7\u00e3o, a conclus\u00e3o do ju\u00edzo \u00e9 coerente e compat\u00edvel com as provas apresentadas\u201d, afirmam os procuradores regionais M\u00f4nica de R\u00e9, Silvana Batini, Carlos Aguiar, Andr\u00e9a Bay\u00e3o e Neide Oliveira, autores do parecer, que ainda atacam a associa\u00e7\u00e3o do pedido de pris\u00e3o domiciliar \u00e0 necessidade de uma cirurgia de h\u00e9rnia. \u201cCom rela\u00e7\u00e3o ao alegado estado de sa\u00fade debilitado, \u00e9 importante destacar que a autoriza\u00e7\u00e3o judicial da realiza\u00e7\u00e3o da cirurgia indicada como necess\u00e1ria n\u00e3o \u00e9 circunst\u00e2ncia para a substitui\u00e7\u00e3o da pris\u00e3o por domiciliar.\u201d<\/span><\/div>\n<div><span style=\"font-size: medium\">\u00a0<\/span><\/div>\n<div><span style=\"font-size: medium\">Na manifesta\u00e7\u00e3o ao TRF2, o MPF rememorou que Sampaio tinha sido conduzido coercitivamente para prestar esclarecimentos na deflagra\u00e7\u00e3o da Opera\u00e7\u00e3o Calicute, ponto de partida da Ponto Final. As investiga\u00e7\u00f5es j\u00e1 apontavam o uso da TransExpert para a lavagem e oculta\u00e7\u00e3o de dinheiro da propina.<\/span><\/div>\n","protected":false},"excerpt":{"rendered":"<p>Lava Jato acusa David Sampaio de organiza\u00e7\u00e3o criminosa e lavagem de dinheiro via TransExpert O Minist\u00e9rio P\u00fablico Federal (MPF) rebateu o pedido de soltura ou pris\u00e3o domiciliar para o policial civil aposentado David Sampaio, gestor da TransExpert Vigil\u00e2ncia e Transporte de Valores preso na Opera\u00e7\u00e3o Ponto Final, em julho. Ele foi denunciado pela For\u00e7a-tarefa Lava- Jato no Rio de Janeiro [&hellip;]<\/p>\n","protected":false},"author":27,"featured_media":0,"comment_status":"open","ping_status":"closed","sticky":false,"template":"","format":"standard","meta":{"footnotes":""},"categories":[2719],"tags":[2536,3454,3787,1319,8230,8223,6274,3458,8224,374,8226,8227,1807,7089,8222,8228,8229,989,283,2533,102,453,8221,7581,2637,4164,2568,1038,5362,7672,6482,8225,8220],"class_list":["post-6356","post","type-post","status-publish","format-standard","hentry","category-servidor","tag-aposentado","tag-atividade","tag-banco","tag-civil","tag-clandestina","tag-clandestino","tag-condutas","tag-criminosa","tag-david-sampaio","tag-dinheiro","tag-domiciliar","tag-ex-governador","tag-financeira","tag-forca-tarefa","tag-gestor","tag-gravidade","tag-ilicita","tag-instituicao","tag-lava-jato","tag-lavagem","tag-lei","tag-mpf","tag-negue","tag-operacao-ponto-final","tag-organizacao","tag-policial","tag-preso","tag-prisao","tag-propinas","tag-sergio-cabral","tag-soltura","tag-transexpert","tag-trd2"],"_links":{"self":[{"href":"https:\/\/blogs.correiobraziliense.com.br\/servidor\/wp-json\/wp\/v2\/posts\/6356","targetHints":{"allow":["GET"]}}],"collection":[{"href":"https:\/\/blogs.correiobraziliense.com.br\/servidor\/wp-json\/wp\/v2\/posts"}],"about":[{"href":"https:\/\/blogs.correiobraziliense.com.br\/servidor\/wp-json\/wp\/v2\/types\/post"}],"author":[{"embeddable":true,"href":"https:\/\/blogs.correiobraziliense.com.br\/servidor\/wp-json\/wp\/v2\/users\/27"}],"replies":[{"embeddable":true,"href":"https:\/\/blogs.correiobraziliense.com.br\/servidor\/wp-json\/wp\/v2\/comments?post=6356"}],"version-history":[{"count":1,"href":"https:\/\/blogs.correiobraziliense.com.br\/servidor\/wp-json\/wp\/v2\/posts\/6356\/revisions"}],"predecessor-version":[{"id":6357,"href":"https:\/\/blogs.correiobraziliense.com.br\/servidor\/wp-json\/wp\/v2\/posts\/6356\/revisions\/6357"}],"wp:attachment":[{"href":"https:\/\/blogs.correiobraziliense.com.br\/servidor\/wp-json\/wp\/v2\/media?parent=6356"}],"wp:term":[{"taxonomy":"category","embeddable":true,"href":"https:\/\/blogs.correiobraziliense.com.br\/servidor\/wp-json\/wp\/v2\/categories?post=6356"},{"taxonomy":"post_tag","embeddable":true,"href":"https:\/\/blogs.correiobraziliense.com.br\/servidor\/wp-json\/wp\/v2\/tags?post=6356"}],"curies":[{"name":"wp","href":"https:\/\/api.w.org\/{rel}","templated":true}]}}