{"id":6350,"date":"2017-08-15T12:16:48","date_gmt":"2017-08-15T15:16:48","guid":{"rendered":"https:\/\/blogs.correiobraziliense.com.br\/servidor\/?p=6350"},"modified":"2017-08-15T12:16:48","modified_gmt":"2017-08-15T15:16:48","slug":"teto-dos-servidores-especialistas-falam-sobre-eficacia-da-medida","status":"publish","type":"post","link":"https:\/\/blogs.correiobraziliense.com.br\/servidor\/teto-dos-servidores-especialistas-falam-sobre-eficacia-da-medida\/","title":{"rendered":"Teto dos servidores &#8211; especialistas falam sobre efic\u00e1cia da medida"},"content":{"rendered":"<p><em>Agentes do mercado afirmam que o novo teto do funcionalismo proposto pela equipe econ\u00f4mica \u00e9 mais uma manobra para adiar o ajuste fiscal e a reforma da Previd\u00eancia<\/em><\/p>\n<p>De acordo com Pedro Coelho Afonso, economista e chefe de opera\u00e7\u00f5es da GGR Investimentos, \u00e9 grande a expectativa do mercado pelo an\u00fancio de um novo plano para conter os gastos com servidores p\u00fablicos federais. Ele lembrou que, enquanto o d\u00e9ficit mensal do INSS com um aposentado da iniciativa privada \u00e9 de R$ 428,00, o de um servidor \u00e9 de R$ 6,5 mil. Somente este ano o gasto p\u00fablico com sal\u00e1rios, aposentadorias e benef\u00edcios consumiu R$ 150,2 bilh\u00f5es dos cofres p\u00fablicos. Al\u00e9m disso, o governo quer limitar o teto do sal\u00e1rio dos servidores em R$ 33.763,00.&#8221; Mas ser\u00e1 que este corte resolve o problema das contas p\u00fablicas?&#8221;, questionou.<\/p>\n<p>\u201cO novo teto na verdade \u00e9 mais uma manobra do governo para adiar o ajuste fiscal e poder continuar barganhando as pautas mais complexas como a reforma da previd\u00eancia\u201d, comenta Pedro Coelho Afonso.<\/p>\n<p>Para\u00a0Rafael Sabadell, Gestor da GGR Investimentos, o Brasil ainda corre o risco de passar por mais uma fase de aumento de impostos, se o governo n\u00e3o conseguir aprovar a reforma da Previd\u00eancia.\u00a0 \u201cA meta fiscal para os anos de 2017 e 2018 deve se tornar ainda mais deficit\u00e1ria. O mercado espera um aumento de R$ 20 bilh\u00f5es no d\u00e9ficit para os dois anos. A sinaliza\u00e7\u00e3o \u00e9 bem ruim para a situa\u00e7\u00e3o fiscal, principalmente quando consideramos a dificuldade que a aprova\u00e7\u00e3o da reforma da previd\u00eancia deve enfrentar. Os gastos do governo s\u00e3o majoritariamente engessados e n\u00e3o podem ser reduzidos simplesmente. Assim, a reforma da previd\u00eancia, que \u00e9 uma das principais respons\u00e1veis pela perspectiva explosiva da d\u00edvida brasileira, \u00e9 imprescind\u00edvel. Caso esta n\u00e3o se concretize, o governo provavelmente ter\u00e1 que buscar novas fontes de arrecada\u00e7\u00e3o, como as propostas de aumento de impostos que vimos na semana passada\u201d, afirma Rafael Sabadell.<\/p>\n","protected":false},"excerpt":{"rendered":"<p>Agentes do mercado afirmam que o novo teto do funcionalismo proposto pela equipe econ\u00f4mica \u00e9 mais uma manobra para adiar o ajuste fiscal e a reforma da Previd\u00eancia De acordo com Pedro Coelho Afonso, economista e chefe de opera\u00e7\u00f5es da GGR Investimentos, \u00e9 grande a expectativa do mercado pelo an\u00fancio de um novo plano para conter os gastos com servidores [&hellip;]<\/p>\n","protected":false},"author":27,"featured_media":0,"comment_status":"open","ping_status":"closed","sticky":false,"template":"","format":"standard","meta":{"footnotes":""},"categories":[2719],"tags":[3440,78,367,4137,3171,382,67,1164,1741,3816,549,711,58,642],"class_list":["post-6350","post","type-post","status-publish","format-standard","hentry","category-servidor","tag-adiar","tag-ajuste","tag-economica","tag-eficacia","tag-equipe","tag-especialistas","tag-fiscal","tag-funcionalismo","tag-manobra","tag-medida","tag-previdencia","tag-reforma","tag-servidores","tag-teto"],"_links":{"self":[{"href":"https:\/\/blogs.correiobraziliense.com.br\/servidor\/wp-json\/wp\/v2\/posts\/6350","targetHints":{"allow":["GET"]}}],"collection":[{"href":"https:\/\/blogs.correiobraziliense.com.br\/servidor\/wp-json\/wp\/v2\/posts"}],"about":[{"href":"https:\/\/blogs.correiobraziliense.com.br\/servidor\/wp-json\/wp\/v2\/types\/post"}],"author":[{"embeddable":true,"href":"https:\/\/blogs.correiobraziliense.com.br\/servidor\/wp-json\/wp\/v2\/users\/27"}],"replies":[{"embeddable":true,"href":"https:\/\/blogs.correiobraziliense.com.br\/servidor\/wp-json\/wp\/v2\/comments?post=6350"}],"version-history":[{"count":1,"href":"https:\/\/blogs.correiobraziliense.com.br\/servidor\/wp-json\/wp\/v2\/posts\/6350\/revisions"}],"predecessor-version":[{"id":6351,"href":"https:\/\/blogs.correiobraziliense.com.br\/servidor\/wp-json\/wp\/v2\/posts\/6350\/revisions\/6351"}],"wp:attachment":[{"href":"https:\/\/blogs.correiobraziliense.com.br\/servidor\/wp-json\/wp\/v2\/media?parent=6350"}],"wp:term":[{"taxonomy":"category","embeddable":true,"href":"https:\/\/blogs.correiobraziliense.com.br\/servidor\/wp-json\/wp\/v2\/categories?post=6350"},{"taxonomy":"post_tag","embeddable":true,"href":"https:\/\/blogs.correiobraziliense.com.br\/servidor\/wp-json\/wp\/v2\/tags?post=6350"}],"curies":[{"name":"wp","href":"https:\/\/api.w.org\/{rel}","templated":true}]}}