{"id":6348,"date":"2017-08-15T11:51:42","date_gmt":"2017-08-15T14:51:42","guid":{"rendered":"https:\/\/blogs.correiobraziliense.com.br\/servidor\/?p=6348"},"modified":"2017-08-15T11:51:42","modified_gmt":"2017-08-15T14:51:42","slug":"servidor-jornada-menor-pouparia-r-32-bilhoes","status":"publish","type":"post","link":"https:\/\/blogs.correiobraziliense.com.br\/servidor\/servidor-jornada-menor-pouparia-r-32-bilhoes\/","title":{"rendered":"Servidor &#8211; Jornada menor pouparia R$ 3,2 bilh\u00f5es"},"content":{"rendered":"<p>O governo espera economizar at\u00e9 R$ 3,2 bilh\u00f5es com a redu\u00e7\u00e3o da jornada de trabalho prevista em medida provis\u00f3ria publicada no m\u00eas passado. O texto cria incentivos financeiros para que os servidores reduzam de oito para seis ou quatro horas o tempo que permanecer\u00e3o nas reparti\u00e7\u00f5es executando suas atividades. Atualmente, apenas 3.218 empregados da administra\u00e7\u00e3o p\u00fablica federal possuem esse regime de trabalho, de um total de 644.395 servidores p\u00fablicos federais.<\/p>\n<p>Nas contas do Minist\u00e9rio do Planejamento, se 1% dos servidores reduzirem a jornada de trabalho, a economia pode chegar a R$ 185 milh\u00f5es. Esse valor leva em conta que 75% deles optem por jornada de seis horas e 25% por quatro horas. Se o governo conseguir que 5% dos servidores p\u00fablicos federais fa\u00e7am a ades\u00e3o \u00e0 jornada reduzida, a economia para os cofres p\u00fablicos pode variar entre R$ 1 bilh\u00e3o e R$ 1,56 bilh\u00e3o por ano. O al\u00edvio aos cofres p\u00fablicos chegar\u00e1 a R$ 3,2 bilh\u00f5es se 10% dos servidores aderirem ao novo regime laboral. A estimativa se baseia na possibilidade de 25% deles escolherem a jornada de seis horas e 75% a de quatro horas.<\/p>\n<p><strong>PDV<\/strong><\/p>\n<p>No setor privado, em m\u00e9dia, 6% dos trabalhadores tem jornada de trabalho diferenciada. A inten\u00e7\u00e3o do governo com a medida o incentivo financeiro oferecido para os servidores p\u00fablicos federais que reduzirem a jornada de trabalho \u00e9 aproximar os n\u00fameros com os praticados na iniciativa privada e, consequentemente, reduzir os gastos.<\/p>\n<p>A proposta faz parte da MP publicada pelo Executivo que prev\u00ea o pagamento de um adicional de hora para quem reduzir a jornada de trabalho. O sal\u00e1rio m\u00e9dio do servidor corresponde a R$ 10.071. Esse valor diminui para, em m\u00e9dia, R$ 7.553 para quem trabalha seis horas di\u00e1rias. Com o incentivo, o valor sobe para R$ 8.183. A mesma medida criou um Programa de Demiss\u00e3o Volunt\u00e1ria (PDV) no servi\u00e7o p\u00fablico que espera economizar R$ 1 bilh\u00e3o com a ades\u00e3o de cinco mil servidores. (<strong>AT<\/strong>).<\/p>\n","protected":false},"excerpt":{"rendered":"<p>O governo espera economizar at\u00e9 R$ 3,2 bilh\u00f5es com a redu\u00e7\u00e3o da jornada de trabalho prevista em medida provis\u00f3ria publicada no m\u00eas passado. O texto cria incentivos financeiros para que os servidores reduzam de oito para seis ou quatro horas o tempo que permanecer\u00e3o nas reparti\u00e7\u00f5es executando suas atividades. Atualmente, apenas 3.218 empregados da administra\u00e7\u00e3o p\u00fablica federal possuem esse regime [&hellip;]<\/p>\n","protected":false},"author":27,"featured_media":0,"comment_status":"open","ping_status":"closed","sticky":false,"template":"","format":"standard","meta":{"footnotes":""},"categories":[2719],"tags":[2645,8202,1551,860,98,1597,8204,1623,3816,1616,141,3086,8201,8203,962,8189,24,325,3255,8],"class_list":["post-6348","post","type-post","status-publish","format-standard","hentry","category-servidor","tag-cofres","tag-economizar","tag-financeiro","tag-financeiros","tag-governo","tag-incentivo","tag-incentivos","tag-jornada","tag-medida","tag-menor","tag-ministerio-do-planejamento","tag-pdv","tag-pouparia","tag-prevista","tag-privado","tag-provisoria","tag-publicos","tag-reducao","tag-reparticoes","tag-servidor"],"_links":{"self":[{"href":"https:\/\/blogs.correiobraziliense.com.br\/servidor\/wp-json\/wp\/v2\/posts\/6348","targetHints":{"allow":["GET"]}}],"collection":[{"href":"https:\/\/blogs.correiobraziliense.com.br\/servidor\/wp-json\/wp\/v2\/posts"}],"about":[{"href":"https:\/\/blogs.correiobraziliense.com.br\/servidor\/wp-json\/wp\/v2\/types\/post"}],"author":[{"embeddable":true,"href":"https:\/\/blogs.correiobraziliense.com.br\/servidor\/wp-json\/wp\/v2\/users\/27"}],"replies":[{"embeddable":true,"href":"https:\/\/blogs.correiobraziliense.com.br\/servidor\/wp-json\/wp\/v2\/comments?post=6348"}],"version-history":[{"count":1,"href":"https:\/\/blogs.correiobraziliense.com.br\/servidor\/wp-json\/wp\/v2\/posts\/6348\/revisions"}],"predecessor-version":[{"id":6349,"href":"https:\/\/blogs.correiobraziliense.com.br\/servidor\/wp-json\/wp\/v2\/posts\/6348\/revisions\/6349"}],"wp:attachment":[{"href":"https:\/\/blogs.correiobraziliense.com.br\/servidor\/wp-json\/wp\/v2\/media?parent=6348"}],"wp:term":[{"taxonomy":"category","embeddable":true,"href":"https:\/\/blogs.correiobraziliense.com.br\/servidor\/wp-json\/wp\/v2\/categories?post=6348"},{"taxonomy":"post_tag","embeddable":true,"href":"https:\/\/blogs.correiobraziliense.com.br\/servidor\/wp-json\/wp\/v2\/tags?post=6348"}],"curies":[{"name":"wp","href":"https:\/\/api.w.org\/{rel}","templated":true}]}}