{"id":6323,"date":"2017-08-11T14:38:03","date_gmt":"2017-08-11T17:38:03","guid":{"rendered":"https:\/\/blogs.correiobraziliense.com.br\/servidor\/?p=6323"},"modified":"2017-08-11T14:38:03","modified_gmt":"2017-08-11T17:38:03","slug":"sindifisco-auditores-nao-aceitarao-adiamento-do-acordo","status":"publish","type":"post","link":"https:\/\/blogs.correiobraziliense.com.br\/servidor\/sindifisco-auditores-nao-aceitarao-adiamento-do-acordo\/","title":{"rendered":"Sindifisco &#8211; auditores n\u00e3o aceitar\u00e3o adiamento do acordo"},"content":{"rendered":"<p><em>Por meio de nota, o Sindicato Nacional dos Auditores Fiscais da Receita Federal (Sindifisco Nacional) afirma que n\u00e3o aceita o adiamento do acordo salarial celebrado com o governo e que a classe n\u00e3o pagar\u00e1 pelas fraquezas da equipe econ\u00f4mica. &#8220;Se os t\u00e9cnicos do Executivo n\u00e3o souberam fazer proje\u00e7\u00f5es, contas, estudos de quadros futuros, lamentamos a incompet\u00eancia. Mas n\u00e3o vamos pagar por ela&#8221;.<\/em><\/p>\n<p>O Sindifisco salienta que &#8220;\u00e9 mais f\u00e1cil para o governo colocar sobre os ombros da sociedade o peso dos seus pr\u00f3prios erros que enfrentar deputados e senadores, e correr o risco de humilhantes derrotas&#8221;.\u00a0 As solu\u00e7\u00f5es encontradas para resolver o problema da crise financeira e do ajuste fiscal passam, diz a entidade, pelo sacrif\u00edcio do cidad\u00e3o. &#8220;A mais recente piada \u00e9 uma reserva de R$ 3,6 bilh\u00f5es, aprovada esta semana, para financiar campanhas eleitorais. De onde vir\u00e1 esse dinheiro? E o fundo partid\u00e1rio, que j\u00e1 existe, e no qual partidos se penduram alegremente?&#8221;, questiona.<\/p>\n<p>&#8220;Mesmo porque, fere a coer\u00eancia saber que o governo pretende congelar o acordo, mas n\u00e3o faz uma \u00fanica e escassa men\u00e7\u00e3o \u00e0 quantidade de comissionados. Da mesma forma, estranho \u00e9 negociar sem vacila\u00e7\u00e3o com os ruralistas a d\u00edvida do Funrural, abrindo m\u00e3o de receitas expressivas. E sobre o super-refis, em gesta\u00e7\u00e3o na C\u00e2mara, um festival de perd\u00f5es a not\u00f3rios e fichados maus pagadores?&#8221; ressalta o Sindicato.<\/p>\n<p>Veja a nota na \u00edntegra:<\/p>\n<p>O Sindifisco destaca, ainda, que n\u00e3o vai pagar a conta<\/p>\n<p>A dificuldade de fechamento das contas pelo governo federal o leva a transitar em terreno movedi\u00e7o. Nas \u00faltimas horas, v\u00e1rios bal\u00f5es de ensaio foram lan\u00e7ados, todos no sentido de testar a receptividade e a paci\u00eancia de setores da sociedade. Entretanto, no Congresso Nacional, assistimos o extremo oposto: ali, o Pal\u00e1cio do Planalto nada faz para conter medidas estapaf\u00fardias.<\/p>\n<p>Isso n\u00e3o acontece por acaso. \u00c9 mais f\u00e1cil para o governo colocar sobre os ombros da sociedade o peso dos seus pr\u00f3prios erros que enfrentar deputados e senadores, e correr o risco de humilhantes derrotas. Por isso \u00e9 que vemos uma sequ\u00eancia de solu\u00e7\u00f5es que passam pelo sacrif\u00edcio do cidad\u00e3o, seja ele da iniciativa privada ou servidor p\u00fablico.<\/p>\n<p>A mais recente, e n\u00e3o menos preocupante, \u00e9 a proposta de congelamento do aumento do funcionalismo para 2019. Acreditar que o Sindifisco Nacional assistir\u00e1 esse descalabro em subserviente sil\u00eancio \u00e9 ingenuidade. Jamais! O acordo fechado com o governo n\u00e3o \u00e9 caro nem barato; n\u00e3o houve imposi\u00e7\u00f5es. Tudo foi negociado, e \u00e0s claras. Se os t\u00e9cnicos do Executivo n\u00e3o souberam fazer proje\u00e7\u00f5es, contas, estudos de quadros futuros, lamentamos a incompet\u00eancia. Mas n\u00e3o vamos pagar por ela.<\/p>\n<p>Mesmo porque, fere a coer\u00eancia saber que o governo pretende congelar o acordo, mas n\u00e3o faz uma \u00fanica e escassa men\u00e7\u00e3o \u00e0 quantidade de comissionados. Da mesma forma, estranho \u00e9 negociar sem vacila\u00e7\u00e3o com os ruralistas a d\u00edvida do Funrural, abrindo m\u00e3o de receitas expressivas. E sobre o super-refis, em gesta\u00e7\u00e3o na C\u00e2mara, um festival de perd\u00f5es a not\u00f3rios e fichados maus pagadores?<\/p>\n<p>A mais recente piada \u00e9 uma reserva de R$ 3,6 bilh\u00f5es, aprovada esta semana, para financiar campanhas eleitorais. De onde vir\u00e1 esse dinheiro? E o fundo partid\u00e1rio, que j\u00e1 existe, e no qual partidos se penduram alegremente?<\/p>\n<p>Se algu\u00e9m, no Pal\u00e1cio do Planalto, tiver respostas para essas perguntas, aceitamos conversar. Do contr\u00e1rio, n\u00e3o. N\u00e3o abriremos m\u00e3o de um acordo salarial fechado a v\u00e1rias m\u00e3os, inclusive de gente do governo. E se insistirem na sandice, recorreremos ao Judici\u00e1rio.<\/p>\n<p>A omiss\u00e3o ante iniciativas que favorecem grupos pol\u00edticos, de forte atua\u00e7\u00e3o no Congresso, indica que a dan\u00e7a eleitoral de 2018 j\u00e1 come\u00e7ou. Na falta de empreiteiras e conglomerados empresariais, ajustam-se folgas no caixa que favorecem gastos na campanha, mas trucidam a economia. E para conter esse rombo, intimam o cidad\u00e3o-contribuinte-eleitor-assalariado para ser mais um pouco espoliado.<\/p>\n<p>Nem pensar. H\u00e1 limites. Sobretudo quando se sabe somente alguns arcam com o sacrif\u00edcio.<\/p>\n<p><strong>Sindicato Nacional dos Auditores Fiscais da Receita Federal \u2013 Sindifisco Nacional<\/strong><\/p>\n","protected":false},"excerpt":{"rendered":"<p>Por meio de nota, o Sindicato Nacional dos Auditores Fiscais da Receita Federal (Sindifisco Nacional) afirma que n\u00e3o aceita o adiamento do acordo salarial celebrado com o governo e que a classe n\u00e3o pagar\u00e1 pelas fraquezas da equipe econ\u00f4mica. &#8220;Se os t\u00e9cnicos do Executivo n\u00e3o souberam fazer proje\u00e7\u00f5es, contas, estudos de quadros futuros, lamentamos a incompet\u00eancia. Mas n\u00e3o vamos pagar [&hellip;]<\/p>\n","protected":false},"author":27,"featured_media":0,"comment_status":"open","ping_status":"closed","sticky":false,"template":"","format":"standard","meta":{"footnotes":""},"categories":[2719],"tags":[112,190,8165,31,61,8166,1316,644,2278,366,1298,8164,367,7620,3171,1086,9,8171,1807,12,67,8162,4458,5423,98,7118,8172,8167,8170,7490,294,8168,4385,18,39,597,8163,8169,2781],"class_list":["post-6323","post","type-post","status-publish","format-standard","hentry","category-servidor","tag-acordo","tag-adiamento","tag-ajuste4","tag-auditores","tag-camara","tag-campanhas","tag-cidadao","tag-comissionados","tag-contas","tag-crise","tag-deputados","tag-derrotas","tag-economica","tag-eleitorais","tag-equipe","tag-estudos","tag-executivo","tag-fichados","tag-financeira","tag-fiscais","tag-fiscal","tag-fraquezas","tag-fundo","tag-funrural","tag-governo","tag-incompetencia","tag-pagadores","tag-partidario","tag-perdoes","tag-projecoes","tag-receita-federal","tag-ruralistas","tag-sacrificio","tag-salarial","tag-senadores","tag-sindifisco","tag-socieade","tag-super-refis","tag-tecnicos"],"_links":{"self":[{"href":"https:\/\/blogs.correiobraziliense.com.br\/servidor\/wp-json\/wp\/v2\/posts\/6323","targetHints":{"allow":["GET"]}}],"collection":[{"href":"https:\/\/blogs.correiobraziliense.com.br\/servidor\/wp-json\/wp\/v2\/posts"}],"about":[{"href":"https:\/\/blogs.correiobraziliense.com.br\/servidor\/wp-json\/wp\/v2\/types\/post"}],"author":[{"embeddable":true,"href":"https:\/\/blogs.correiobraziliense.com.br\/servidor\/wp-json\/wp\/v2\/users\/27"}],"replies":[{"embeddable":true,"href":"https:\/\/blogs.correiobraziliense.com.br\/servidor\/wp-json\/wp\/v2\/comments?post=6323"}],"version-history":[{"count":1,"href":"https:\/\/blogs.correiobraziliense.com.br\/servidor\/wp-json\/wp\/v2\/posts\/6323\/revisions"}],"predecessor-version":[{"id":6324,"href":"https:\/\/blogs.correiobraziliense.com.br\/servidor\/wp-json\/wp\/v2\/posts\/6323\/revisions\/6324"}],"wp:attachment":[{"href":"https:\/\/blogs.correiobraziliense.com.br\/servidor\/wp-json\/wp\/v2\/media?parent=6323"}],"wp:term":[{"taxonomy":"category","embeddable":true,"href":"https:\/\/blogs.correiobraziliense.com.br\/servidor\/wp-json\/wp\/v2\/categories?post=6323"},{"taxonomy":"post_tag","embeddable":true,"href":"https:\/\/blogs.correiobraziliense.com.br\/servidor\/wp-json\/wp\/v2\/tags?post=6323"}],"curies":[{"name":"wp","href":"https:\/\/api.w.org\/{rel}","templated":true}]}}