{"id":6319,"date":"2017-08-10T20:34:50","date_gmt":"2017-08-10T23:34:50","guid":{"rendered":"https:\/\/blogs.correiobraziliense.com.br\/servidor\/?p=6319"},"modified":"2017-08-10T20:34:50","modified_gmt":"2017-08-10T23:34:50","slug":"geap-lanca-planos-de-saude-sem-coparticipacao","status":"publish","type":"post","link":"https:\/\/blogs.correiobraziliense.com.br\/servidor\/geap-lanca-planos-de-saude-sem-coparticipacao\/","title":{"rendered":"Geap lan\u00e7a planos de sa\u00fade sem coparticipa\u00e7\u00e3o"},"content":{"rendered":"<p><i>Novos benefici\u00e1rios j\u00e1 podem aderir. Quem j\u00e1 \u00e9 inscrito poder\u00e1 migrar<\/i><\/p>\n<p>A Geap Autogest\u00e3o em Sa\u00fade, maior plano dos servidores federais, informou que os benefici\u00e1rios da operadoraj\u00e1 podem aderir aos novos planos com assist\u00eancia integral a todas as idades, sem coparticipa\u00e7\u00e3o. O Minist\u00e9rio do Planejamento, Desenvolvimento e Gest\u00e3o (MP), autorizou, nesta \u00faltima <span id=\"OBJ_PREFIX_DWT1068_com_zimbra_date\" class=\"Object\"><span id=\"OBJ_PREFIX_DWT1073_com_zimbra_date\" class=\"Object\">ter<\/span><\/span>\u00e7a-feira (08\/08), o acesso do Geap Sa\u00fade Vida e do Geap Refer\u00eancia Vida aos benefici\u00e1rios do Conv\u00eanio \u00danico.<\/p>\n<p>Nas novas modalidades, destacou a Geap, n\u00e3o h\u00e1 cobran\u00e7a de coparticipa\u00e7\u00e3o por procedimento realizado. Pagando apenas o valor da contribui\u00e7\u00e3o mensal, o benefici\u00e1rio tem acesso \u00e0 cobertura ambulatorial e hospitalar na rede credenciada em todo o pa\u00eds, al\u00e9m dos programas de promo\u00e7\u00e3o \u00e0 sa\u00fade e servi\u00e7os especializados oferecidos pela operadora.<\/p>\n<p>O Geap Refer\u00eancia Vida cobre todos os procedimentos exigidos pela Ag\u00eancia Nacional de Sa\u00fade Suplementar (ANS). J\u00e1 o Geap Sa\u00fade Vida \u00e9 um plano premium, com cobertura de procedimentos al\u00e9m dos previstos pela ANS.<\/p>\n<p>Para mais informa\u00e7\u00f5es sobre valores e programas da Geap que est\u00e3o contemplados nos novos planos de sa\u00fade, os benefici\u00e1rios devem ligar para a Central de Atendimento <span id=\"OBJ_PREFIX_DWT1069_com_zimbra_phone\" class=\"Object\"><a href=\"0800%20728%208300\">0800 728 8300<\/a><\/span>, ou acessar o site: <span id=\"OBJ_PREFIX_DWT1070_com_zimbra_url\" class=\"Object\"><span id=\"OBJ_PREFIX_DWT1074_com_zimbra_url\" class=\"Object\"><a href=\"http:\/\/www.geap.com.br\" target=\"_blank\">www.geap.com.br<\/a><\/span><\/span>. Outra op\u00e7\u00e3o \u00e9 ir \u00e0 unidade da Geap, presente nas capitais de todos os estados.<\/p>\n","protected":false},"excerpt":{"rendered":"<p>Novos benefici\u00e1rios j\u00e1 podem aderir. Quem j\u00e1 \u00e9 inscrito poder\u00e1 migrar A Geap Autogest\u00e3o em Sa\u00fade, maior plano dos servidores federais, informou que os benefici\u00e1rios da operadoraj\u00e1 podem aderir aos novos planos com assist\u00eancia integral a todas as idades, sem coparticipa\u00e7\u00e3o. O Minist\u00e9rio do Planejamento, Desenvolvimento e Gest\u00e3o (MP), autorizou, nesta \u00faltima ter\u00e7a-feira (08\/08), o acesso do Geap Sa\u00fade Vida [&hellip;]<\/p>\n","protected":false},"author":27,"featured_media":0,"comment_status":"open","ping_status":"closed","sticky":false,"template":"","format":"standard","meta":{"footnotes":""},"categories":[2719],"tags":[84,539,8156,982,984,8153,980,6807,131,1177,8152,8158,8159,59,8151,8157,3891,1036,8155,8154,2421,435,198,615,953,3295,1781,1379,58,1216],"class_list":["post-6319","post","type-post","status-publish","format-standard","hentry","category-servidor","tag-acesso","tag-aderir","tag-ambulatorial","tag-ans","tag-assistencia","tag-autorizou","tag-beneficiarios","tag-cobertura","tag-contribuicao","tag-convenio","tag-coparticipacao","tag-credenciada","tag-especializados","tag-federais","tag-geap-autogestao-em-saude","tag-hospitalar","tag-idades","tag-integral","tag-mensla","tag-modalidade","tag-mpog","tag-novos","tag-pais","tag-plano","tag-planos","tag-procedimento","tag-rede","tag-servicos","tag-servidores","tag-unico"],"_links":{"self":[{"href":"https:\/\/blogs.correiobraziliense.com.br\/servidor\/wp-json\/wp\/v2\/posts\/6319","targetHints":{"allow":["GET"]}}],"collection":[{"href":"https:\/\/blogs.correiobraziliense.com.br\/servidor\/wp-json\/wp\/v2\/posts"}],"about":[{"href":"https:\/\/blogs.correiobraziliense.com.br\/servidor\/wp-json\/wp\/v2\/types\/post"}],"author":[{"embeddable":true,"href":"https:\/\/blogs.correiobraziliense.com.br\/servidor\/wp-json\/wp\/v2\/users\/27"}],"replies":[{"embeddable":true,"href":"https:\/\/blogs.correiobraziliense.com.br\/servidor\/wp-json\/wp\/v2\/comments?post=6319"}],"version-history":[{"count":1,"href":"https:\/\/blogs.correiobraziliense.com.br\/servidor\/wp-json\/wp\/v2\/posts\/6319\/revisions"}],"predecessor-version":[{"id":6320,"href":"https:\/\/blogs.correiobraziliense.com.br\/servidor\/wp-json\/wp\/v2\/posts\/6319\/revisions\/6320"}],"wp:attachment":[{"href":"https:\/\/blogs.correiobraziliense.com.br\/servidor\/wp-json\/wp\/v2\/media?parent=6319"}],"wp:term":[{"taxonomy":"category","embeddable":true,"href":"https:\/\/blogs.correiobraziliense.com.br\/servidor\/wp-json\/wp\/v2\/categories?post=6319"},{"taxonomy":"post_tag","embeddable":true,"href":"https:\/\/blogs.correiobraziliense.com.br\/servidor\/wp-json\/wp\/v2\/tags?post=6319"}],"curies":[{"name":"wp","href":"https:\/\/api.w.org\/{rel}","templated":true}]}}