{"id":6313,"date":"2017-08-10T19:57:51","date_gmt":"2017-08-10T22:57:51","guid":{"rendered":"https:\/\/blogs.correiobraziliense.com.br\/servidor\/?p=6313"},"modified":"2017-08-10T19:57:51","modified_gmt":"2017-08-10T22:57:51","slug":"novos-diretores-do-bndes","status":"publish","type":"post","link":"https:\/\/blogs.correiobraziliense.com.br\/servidor\/novos-diretores-do-bndes\/","title":{"rendered":"Novos diretores do BNDES"},"content":{"rendered":"<p><em>Os novos diretores do Banco Nacional de Desenvolvimento Econ\u00f4mico e Social (BNDES), Carlos Thadeu de Freitas Gomes e Carlos Alexandre Jorge da Costa, ter\u00e3o seus nomes aprovados pelo Conselho de Administra\u00e7\u00e3o do Banco nesta sexta-feira (11\/8) e tomar\u00e3o posse no mesmo dia.<\/em><\/p>\n<p>O economista Carlos Thadeu de Freitas ser\u00e1 o novo diretor das \u00e1reas de Cr\u00e9dito, Financeira e Internacional do BNDES. Mestre em Ci\u00eancias Econ\u00f4micas e autor de livros sobre macroeconomia, Carlos Thadeu foi diretor do Banco Central por duas vezes. Ex-diretor financeiro da Petrobras e ex-presidente da Petroquisa, ele exercia h\u00e1 alguns anos fun\u00e7\u00e3o de economista-chefe da Confedera\u00e7\u00e3o Nacional de Com\u00e9rcio de Bens, Servi\u00e7os e Turismo (CNC), no Rio, at\u00e9 ser convidado para a diretoria do BNDES.<\/p>\n<p>Carlos da Costa assume a diretoria da \u00c1rea de Planejamento e Pesquisa. Mestre em Economia pela Universidade da Calif\u00f3rnia, Los Angeles (UCLA), tem uma carreira consolidada como consultor, professor e pesquisador econ\u00f4mico. Atuou em empresas como JP Morgan Partners e foi s\u00f3cio e diretor acad\u00eamico do Ibmec Educacional (SP). Desde 2005 atuava como presidente do Instituto de Performance e Lideran\u00e7a, em S\u00e3o Paulo, escola de neg\u00f3cio e consultoria voltada para o planejamento e execu\u00e7\u00e3o de estrat\u00e9gias empresariais.<\/p>\n","protected":false},"excerpt":{"rendered":"<p>Os novos diretores do Banco Nacional de Desenvolvimento Econ\u00f4mico e Social (BNDES), Carlos Thadeu de Freitas Gomes e Carlos Alexandre Jorge da Costa, ter\u00e3o seus nomes aprovados pelo Conselho de Administra\u00e7\u00e3o do Banco nesta sexta-feira (11\/8) e tomar\u00e3o posse no mesmo dia. O economista Carlos Thadeu de Freitas ser\u00e1 o novo diretor das \u00e1reas de Cr\u00e9dito, Financeira e Internacional do [&hellip;]<\/p>\n","protected":false},"author":27,"featured_media":0,"comment_status":"open","ping_status":"closed","sticky":false,"template":"","format":"standard","meta":{"footnotes":""},"categories":[2719],"tags":[2739,8126,1767,5684,8127,1688,66,1807,1071,8125,3,2694],"class_list":["post-6313","post","type-post","status-publish","format-standard","hentry","category-servidor","tag-bndes","tag-consultor","tag-credito","tag-diretores","tag-empresariais","tag-estrategias","tag-execucao","tag-financeira","tag-internacional","tag-macroeconomia","tag-planejamento","tag-professor"],"_links":{"self":[{"href":"https:\/\/blogs.correiobraziliense.com.br\/servidor\/wp-json\/wp\/v2\/posts\/6313","targetHints":{"allow":["GET"]}}],"collection":[{"href":"https:\/\/blogs.correiobraziliense.com.br\/servidor\/wp-json\/wp\/v2\/posts"}],"about":[{"href":"https:\/\/blogs.correiobraziliense.com.br\/servidor\/wp-json\/wp\/v2\/types\/post"}],"author":[{"embeddable":true,"href":"https:\/\/blogs.correiobraziliense.com.br\/servidor\/wp-json\/wp\/v2\/users\/27"}],"replies":[{"embeddable":true,"href":"https:\/\/blogs.correiobraziliense.com.br\/servidor\/wp-json\/wp\/v2\/comments?post=6313"}],"version-history":[{"count":1,"href":"https:\/\/blogs.correiobraziliense.com.br\/servidor\/wp-json\/wp\/v2\/posts\/6313\/revisions"}],"predecessor-version":[{"id":6314,"href":"https:\/\/blogs.correiobraziliense.com.br\/servidor\/wp-json\/wp\/v2\/posts\/6313\/revisions\/6314"}],"wp:attachment":[{"href":"https:\/\/blogs.correiobraziliense.com.br\/servidor\/wp-json\/wp\/v2\/media?parent=6313"}],"wp:term":[{"taxonomy":"category","embeddable":true,"href":"https:\/\/blogs.correiobraziliense.com.br\/servidor\/wp-json\/wp\/v2\/categories?post=6313"},{"taxonomy":"post_tag","embeddable":true,"href":"https:\/\/blogs.correiobraziliense.com.br\/servidor\/wp-json\/wp\/v2\/tags?post=6313"}],"curies":[{"name":"wp","href":"https:\/\/api.w.org\/{rel}","templated":true}]}}