{"id":631,"date":"2015-11-27T07:00:35","date_gmt":"2015-11-27T09:00:35","guid":{"rendered":"https:\/\/blogs.correiobraziliense.com.br\/servidor\/?p=631"},"modified":"2015-11-26T20:38:06","modified_gmt":"2015-11-26T22:38:06","slug":"governo-vai-alterar-loa-para-postergar-prazo-de-entrega-de-projetos-de-reajuste-de-servidores","status":"publish","type":"post","link":"https:\/\/blogs.correiobraziliense.com.br\/servidor\/governo-vai-alterar-loa-para-postergar-prazo-de-entrega-de-projetos-de-reajuste-de-servidores\/","title":{"rendered":"GOVERNO VAI ALTERAR LOA PARA POSTERGAR PRAZO DE ENTREGA DE PROJETOS DE REAJUSTE DE SERVIDORES"},"content":{"rendered":"<p><em>Fontes ligadas ao governo garantem que acordos com carreiras de Estado ser\u00e3o fechados ainda neste final de semana<\/em><\/p>\n<p><span style=\"font-family: Utopia,sans-serif\"><span style=\"font-size: small\">O ministro do Planejamento, Nelson Barbosa, comunicou, ontem, aos 26 deputados e seis senadores que comp\u00f5em a Frente Parlamentar em Defesa da Pol\u00edcia Rodovi\u00e1ria Federal, que enviar\u00e1 ao Congresso uma solicita\u00e7\u00e3o de altera\u00e7\u00e3o da Lei de Diretrizes Or\u00e7ament\u00e1rias (LDO), estabelecendo a mudan\u00e7a do prazo &#8211; para 18 de dezembro &#8211; da entrega dos projetos que autorizam os reajustes dos servidores. Barbosa admitiu, tamb\u00e9m, que n\u00e3o h\u00e1 \u201ccondi\u00e7\u00f5es de fechar os acordos at\u00e9 30 de novembro, mas que todas as categorias ser\u00e3o chamadas\u201d, contou Pedro Cavalcanti, presidente da Federa\u00e7\u00e3o Nacional dos Policiais Rodovi\u00e1rios Federais (FenaPRF).<\/span><\/span><\/p>\n<p><span style=\"font-family: Utopia,sans-serif\"><span style=\"font-size: small\">Fontes ligadas ao governo informaram que est\u00e1 sendo preparada uma for\u00e7a-tarefa para atender as carreiras de Estado &#8211; que n\u00e3o receberam o aviso oficial de reajuste de 21,3% em quatro parcelas &#8211; neste final de semana. De acordo com o t\u00e9cnico, que preferiu o anonimato, a Secretaria de Rela\u00e7\u00f5es do Trabalho (SRT) agiria semelhante ao per\u00edodo final da greve geral de 2012: recebendo as lideran\u00e7as sindicais dos servidores at\u00e9 altas horas da noite e finalizando acordos durante a madrugada. S\u00f3 faltava, disse, concretizar o acordo com as carreiras jur\u00eddicas, o aconteceu no fim da tarde de ontem.<\/span><\/span><\/p>\n<p>\u201c<span style=\"font-family: Utopia,sans-serif\"><span style=\"font-size: small\">Creio que amanh\u00e3 (hoje) teremos novidades. Todos da SRT, sem exce\u00e7\u00e3o, ser\u00e3o obrigados a permanecer em Bras\u00edlia\u201d, disse a fonte, fato que n\u00e3o foi confirmado pela assessoria de imprensa do Planejamento.<\/span><\/span><\/p>\n","protected":false},"excerpt":{"rendered":"<p>Fontes ligadas ao governo garantem que acordos com carreiras de Estado ser\u00e3o fechados ainda neste final de semana O ministro do Planejamento, Nelson Barbosa, comunicou, ontem, aos 26 deputados e seis senadores que comp\u00f5em a Frente Parlamentar em Defesa da Pol\u00edcia Rodovi\u00e1ria Federal, que enviar\u00e1 ao Congresso uma solicita\u00e7\u00e3o de altera\u00e7\u00e3o da Lei de Diretrizes Or\u00e7ament\u00e1rias (LDO), estabelecendo a mudan\u00e7a [&hellip;]<\/p>\n","protected":false},"author":27,"featured_media":0,"comment_status":"open","ping_status":"closed","sticky":false,"template":"","format":"standard","meta":{"footnotes":""},"categories":[1],"tags":[],"class_list":["post-631","post","type-post","status-publish","format-standard","hentry","category-sem-categoria"],"_links":{"self":[{"href":"https:\/\/blogs.correiobraziliense.com.br\/servidor\/wp-json\/wp\/v2\/posts\/631","targetHints":{"allow":["GET"]}}],"collection":[{"href":"https:\/\/blogs.correiobraziliense.com.br\/servidor\/wp-json\/wp\/v2\/posts"}],"about":[{"href":"https:\/\/blogs.correiobraziliense.com.br\/servidor\/wp-json\/wp\/v2\/types\/post"}],"author":[{"embeddable":true,"href":"https:\/\/blogs.correiobraziliense.com.br\/servidor\/wp-json\/wp\/v2\/users\/27"}],"replies":[{"embeddable":true,"href":"https:\/\/blogs.correiobraziliense.com.br\/servidor\/wp-json\/wp\/v2\/comments?post=631"}],"version-history":[{"count":1,"href":"https:\/\/blogs.correiobraziliense.com.br\/servidor\/wp-json\/wp\/v2\/posts\/631\/revisions"}],"predecessor-version":[{"id":632,"href":"https:\/\/blogs.correiobraziliense.com.br\/servidor\/wp-json\/wp\/v2\/posts\/631\/revisions\/632"}],"wp:attachment":[{"href":"https:\/\/blogs.correiobraziliense.com.br\/servidor\/wp-json\/wp\/v2\/media?parent=631"}],"wp:term":[{"taxonomy":"category","embeddable":true,"href":"https:\/\/blogs.correiobraziliense.com.br\/servidor\/wp-json\/wp\/v2\/categories?post=631"},{"taxonomy":"post_tag","embeddable":true,"href":"https:\/\/blogs.correiobraziliense.com.br\/servidor\/wp-json\/wp\/v2\/tags?post=631"}],"curies":[{"name":"wp","href":"https:\/\/api.w.org\/{rel}","templated":true}]}}