{"id":6295,"date":"2017-08-09T15:37:36","date_gmt":"2017-08-09T18:37:36","guid":{"rendered":"https:\/\/blogs.correiobraziliense.com.br\/servidor\/?p=6295"},"modified":"2017-08-09T15:37:36","modified_gmt":"2017-08-09T18:37:36","slug":"magistrados-e-procuradores-se-preparam-para-defender-reajuste-salarial-de-1638","status":"publish","type":"post","link":"https:\/\/blogs.correiobraziliense.com.br\/servidor\/magistrados-e-procuradores-se-preparam-para-defender-reajuste-salarial-de-1638\/","title":{"rendered":"Magistrados e procuradores se preparam para defender reajuste salarial de 16,38%"},"content":{"rendered":"<p><em>Ministros do STF n\u00e3o revelaram ao ju\u00edzes e aos procuradores que eram contra o aumento dos subs\u00eddios. \u201cN\u00e3o disseram isso para a gente. Sempre falaram que iam estudar\u201d, justificou Roberto Veloso presidente da Associa\u00e7\u00e3o dos Ju\u00edzes Federais do Brasil (Ajufe)<\/em><\/p>\n<p>T\u00e3o logo termine a vota\u00e7\u00e3o sobre o aumento de 16,38% para a magistratura e procuradores, marcada para hoje, \u00e0s 18 horas, em reuni\u00e3o administrativa do Supremo Tribunal Federal (STF), 10 entidades que agregam 40 mil ju\u00edzes e membros do Minist\u00e9rio P\u00fablico decidir\u00e3o qual ser\u00e1 a estrat\u00e9gia das classes para pressionar a Corte e o governo a atenderem suas exig\u00eancias. De acordo com Roberto Veloso, presidente da Associa\u00e7\u00e3o dos Ju\u00edzes Federais do Brasil (Ajufe), apesar de amplamente divulgado que a maioria (seis dos 11 ministros) do STF \u00e9 contra aumento dos subs\u00eddios, diante da crise econ\u00f4mica que provocou o desemprego de 14 milh\u00f5es de trabalhadores, Veloso garantiu que n\u00e3o foi avisado das inten\u00e7\u00f5es dos julgadores.<\/p>\n<p>\u201cN\u00e3o disseram isso para a gente. Sempre falaram que iam estudar\u201d, justificou Veloso. Segundo ele, \u00e9 importante destacar que os 16,38%, que elevaria o teto do servi\u00e7o p\u00fablico de R$ 33,7 mil mensais para R$ 39,7 mil por m\u00eas \u2013 e dos ju\u00edzes de R$ 27 mil para R$ 31,4 mil &#8211; n\u00e3o significam um \u201cpedido de reajuste\u201d atual, porque o Supremo j\u00e1 enviou o projeto do aumento, em 2015, quando foi feita a mesma exig\u00eancia, que a acabou sendo engavetada pelo Legislativo. \u201cPara que a proposta ande, \u00e9 preciso que o STF fa\u00e7a constar no Or\u00e7amento. Colocar no Or\u00e7amento, no entanto, n\u00e3o significa que a corre\u00e7\u00e3o est\u00e1 aprovada, pois ainda tem que passar pelo Congresso. Mas se o Supremo n\u00e3o incluir no Or\u00e7amento, est\u00e1 dizendo que n\u00e3o haver\u00e1 reposi\u00e7\u00e3o\u201d, destacou.<\/p>\n<p>O juiz Roberto Veloso voltou a reclamar que, em 2015, todos os servidores federais tiveram reajuste e apenas os ju\u00edzes ficaram de fora. O \u00faltimo acr\u00e9scimo nos vencimentos da classe foi em 2014 (22%), com impacto anual, \u00e0 \u00e9poca, de R$ 2,569 bilh\u00f5es, no pa\u00eds, e de R$ 646 milh\u00f5es, somente no STF. O problema \u00e9 que qualquer eleva\u00e7\u00e3o dos subs\u00eddios dos ministros provoca o chamado efeito-cascata. Nos estados, ju\u00edzes e desembargadores, automaticamente, ter\u00e3o suas remunera\u00e7\u00f5es aumentadas proporcionalmente. A reuni\u00e3o, fechada, acontecer\u00e1 hoje, \u00e0s 19 horas, na sede da Ajufe, no SHS Quadra 06.<\/p>\n<p>Al\u00e9m da Ajufe, participar\u00e3o mais duas associa\u00e7\u00f5es nacionais de ju\u00edzes: Associa\u00e7\u00e3o dos Magistrados Brasileiros (AMB) e Associa\u00e7\u00e3o dos Magistrados do Trabalho (Anamatra). E tr\u00eas nacionais do Minist\u00e9rio P\u00fablico: Associa\u00e7\u00e3o Nacional dos Membros do Minist\u00e9rio P\u00fablico (Conamp), Associa\u00e7\u00e3o Nacional dos Procuradores da Rep\u00fablica (ANPR) e Associa\u00e7\u00e3o Nacional dos Procuradores do Trabalho (ANPT). Al\u00e9m de outras quatro: Associa\u00e7\u00e3o dos Magistrados da Justi\u00e7a Militar, Associa\u00e7\u00e3o do Minist\u00e9rio P\u00fablico Militar e as Associa\u00e7\u00f5es dos Magistrados e do Minist\u00e9rio P\u00fablico do Distrito Federal.<\/p>\n","protected":false},"excerpt":{"rendered":"<p>Ministros do STF n\u00e3o revelaram ao ju\u00edzes e aos procuradores que eram contra o aumento dos subs\u00eddios. \u201cN\u00e3o disseram isso para a gente. Sempre falaram que iam estudar\u201d, justificou Roberto Veloso presidente da Associa\u00e7\u00e3o dos Ju\u00edzes Federais do Brasil (Ajufe) T\u00e3o logo termine a vota\u00e7\u00e3o sobre o aumento de 16,38% para a magistratura e procuradores, marcada para hoje, \u00e0s 18 [&hellip;]<\/p>\n","protected":false},"author":27,"featured_media":0,"comment_status":"open","ping_status":"closed","sticky":false,"template":"","format":"standard","meta":{"footnotes":""},"categories":[2719],"tags":[1409,1408,4959,4218,75,4460,100,258,366,2176,2293,68,433,367,3266,2134,59,98,833,10,621,4623,33,318,2385,1235,54,63,1620,30,58,34,2799,1858,19,2926],"class_list":["post-6295","post","type-post","status-publish","format-standard","hentry","category-servidor","tag-amb","tag-anamatra","tag-anpr","tag-anpt","tag-aumento","tag-conamp","tag-congresso","tag-corte","tag-crise","tag-defender","tag-desemprego","tag-df","tag-distrito-federal","tag-economica","tag-efeito-cascata","tag-estrategia","tag-federais","tag-governo","tag-impacto","tag-legislativo","tag-magistrados","tag-militar","tag-ministros","tag-orcamento","tag-pressionar","tag-procuradores","tag-proposta","tag-reajuste","tag-remuneracao","tag-salarios","tag-servidores","tag-stf","tag-subsidios","tag-supremo","tag-trabalhadores","tag-vencimentos"],"_links":{"self":[{"href":"https:\/\/blogs.correiobraziliense.com.br\/servidor\/wp-json\/wp\/v2\/posts\/6295","targetHints":{"allow":["GET"]}}],"collection":[{"href":"https:\/\/blogs.correiobraziliense.com.br\/servidor\/wp-json\/wp\/v2\/posts"}],"about":[{"href":"https:\/\/blogs.correiobraziliense.com.br\/servidor\/wp-json\/wp\/v2\/types\/post"}],"author":[{"embeddable":true,"href":"https:\/\/blogs.correiobraziliense.com.br\/servidor\/wp-json\/wp\/v2\/users\/27"}],"replies":[{"embeddable":true,"href":"https:\/\/blogs.correiobraziliense.com.br\/servidor\/wp-json\/wp\/v2\/comments?post=6295"}],"version-history":[{"count":1,"href":"https:\/\/blogs.correiobraziliense.com.br\/servidor\/wp-json\/wp\/v2\/posts\/6295\/revisions"}],"predecessor-version":[{"id":6296,"href":"https:\/\/blogs.correiobraziliense.com.br\/servidor\/wp-json\/wp\/v2\/posts\/6295\/revisions\/6296"}],"wp:attachment":[{"href":"https:\/\/blogs.correiobraziliense.com.br\/servidor\/wp-json\/wp\/v2\/media?parent=6295"}],"wp:term":[{"taxonomy":"category","embeddable":true,"href":"https:\/\/blogs.correiobraziliense.com.br\/servidor\/wp-json\/wp\/v2\/categories?post=6295"},{"taxonomy":"post_tag","embeddable":true,"href":"https:\/\/blogs.correiobraziliense.com.br\/servidor\/wp-json\/wp\/v2\/tags?post=6295"}],"curies":[{"name":"wp","href":"https:\/\/api.w.org\/{rel}","templated":true}]}}