{"id":629,"date":"2015-11-26T20:28:32","date_gmt":"2015-11-26T22:28:32","guid":{"rendered":"https:\/\/blogs.correiobraziliense.com.br\/servidor\/?p=629"},"modified":"2015-11-26T20:28:32","modified_gmt":"2015-11-26T22:28:32","slug":"governo-acaba-de-fechar-acordo-com-as-carreiras-juridicas","status":"publish","type":"post","link":"https:\/\/blogs.correiobraziliense.com.br\/servidor\/governo-acaba-de-fechar-acordo-com-as-carreiras-juridicas\/","title":{"rendered":"GOVERNO ACABA DE FECHAR ACORDO COM AS CARREIRAS JUR\u00cdDICAS"},"content":{"rendered":"<p><span style=\"font-family: Utopia,sans-serif\"><span style=\"font-size: small\">Ap\u00f3s longo debate e muita pol\u00eamica, o governo assinou acordo salarial, em quatro anos at\u00e9 2019, com as carreiras jur\u00eddicas: advogados da Uni\u00e3o, procurador federal, da Fazenda Nacional, do Banco Central e o quadro suplementar da Advocacia Geral da Uni\u00e3o (AGU). Al\u00e9m do aumento de 21,3%, os advogados, a partir de agosto de 2016, mais R$ 3 mil de honor\u00e1rios de sucumb\u00eancia (taxa de quem perde a\u00e7\u00e3o) e tamb\u00e9m estar\u00e3o liberados para o exerc\u00edcio da advocacia privada.<\/span><\/span><\/p>\n","protected":false},"excerpt":{"rendered":"<p>Ap\u00f3s longo debate e muita pol\u00eamica, o governo assinou acordo salarial, em quatro anos at\u00e9 2019, com as carreiras jur\u00eddicas: advogados da Uni\u00e3o, procurador federal, da Fazenda Nacional, do Banco Central e o quadro suplementar da Advocacia Geral da Uni\u00e3o (AGU). Al\u00e9m do aumento de 21,3%, os advogados, a partir de agosto de 2016, mais R$ 3 mil de honor\u00e1rios [&hellip;]<\/p>\n","protected":false},"author":27,"featured_media":0,"comment_status":"open","ping_status":"closed","sticky":false,"template":"","format":"standard","meta":{"footnotes":""},"categories":[1],"tags":[112,55,111,98,113],"class_list":["post-629","post","type-post","status-publish","format-standard","hentry","category-sem-categoria","tag-acordo","tag-carreiras","tag-fecha","tag-governo","tag-juridicas"],"_links":{"self":[{"href":"https:\/\/blogs.correiobraziliense.com.br\/servidor\/wp-json\/wp\/v2\/posts\/629","targetHints":{"allow":["GET"]}}],"collection":[{"href":"https:\/\/blogs.correiobraziliense.com.br\/servidor\/wp-json\/wp\/v2\/posts"}],"about":[{"href":"https:\/\/blogs.correiobraziliense.com.br\/servidor\/wp-json\/wp\/v2\/types\/post"}],"author":[{"embeddable":true,"href":"https:\/\/blogs.correiobraziliense.com.br\/servidor\/wp-json\/wp\/v2\/users\/27"}],"replies":[{"embeddable":true,"href":"https:\/\/blogs.correiobraziliense.com.br\/servidor\/wp-json\/wp\/v2\/comments?post=629"}],"version-history":[{"count":1,"href":"https:\/\/blogs.correiobraziliense.com.br\/servidor\/wp-json\/wp\/v2\/posts\/629\/revisions"}],"predecessor-version":[{"id":630,"href":"https:\/\/blogs.correiobraziliense.com.br\/servidor\/wp-json\/wp\/v2\/posts\/629\/revisions\/630"}],"wp:attachment":[{"href":"https:\/\/blogs.correiobraziliense.com.br\/servidor\/wp-json\/wp\/v2\/media?parent=629"}],"wp:term":[{"taxonomy":"category","embeddable":true,"href":"https:\/\/blogs.correiobraziliense.com.br\/servidor\/wp-json\/wp\/v2\/categories?post=629"},{"taxonomy":"post_tag","embeddable":true,"href":"https:\/\/blogs.correiobraziliense.com.br\/servidor\/wp-json\/wp\/v2\/tags?post=629"}],"curies":[{"name":"wp","href":"https:\/\/api.w.org\/{rel}","templated":true}]}}