{"id":6289,"date":"2017-08-09T11:24:35","date_gmt":"2017-08-09T14:24:35","guid":{"rendered":"https:\/\/blogs.correiobraziliense.com.br\/servidor\/?p=6289"},"modified":"2017-08-09T11:24:35","modified_gmt":"2017-08-09T14:24:35","slug":"saque-das-contas-inativas-do-fgts-tera-impacto-de-061-p-p-no-pib-de-2017","status":"publish","type":"post","link":"https:\/\/blogs.correiobraziliense.com.br\/servidor\/saque-das-contas-inativas-do-fgts-tera-impacto-de-061-p-p-no-pib-de-2017\/","title":{"rendered":"Saque das contas inativas do FGTS ter\u00e1 impacto de 0,61 ponto percentual no PIB de 2017"},"content":{"rendered":"<p><em>Medida liberou R$ 44 bilh\u00f5es na economia e beneficiou 26 milh\u00f5es de trabalhadores, segundo estudo do Minist\u00e9rio do Planejamento. De acordo com a nota do minist\u00e9rio, os trabalhadores diminu\u00edram suas d\u00edvidas e consumiram mais<\/em><\/p>\n<p>O Minist\u00e9rio do Planejamento concluiu que o\u00a0 volume de saques do FGTS superou as expectativas iniciais do governo, com a libera\u00e7\u00e3o de 88% do valor potencial reajustado para R$ 49,9 bilh\u00f5es. A constata\u00e7\u00e3o foi apoiada em um estudo que estima o impacto na economia dos recursos liberados pelo FGTS. De acordo com o levantamento, no per\u00edodo, houve redu\u00e7\u00e3o da inadimpl\u00eancia, diminui\u00e7\u00e3o do endividamento e do comprometimento de renda, al\u00e9m de aumento da confian\u00e7a do consumidor e do com\u00e9rcio.<\/p>\n<p>A libera\u00e7\u00e3o dos saques das contas inativas fez parte de um conjunto de a\u00e7\u00f5es da equipe econ\u00f4mica com o intuito de alavancar a economia do pa\u00eds. Essa medida, em especial, afetou diretamente a vida do trabalhador brasileiro, de acordo com o \u00f3rg\u00e3o, porque aliviou o bolso do consumidor, ao permitir o saque das contas inativas at\u00e9 31 de dezembro de 2015, sem a exig\u00eancia de aguardar tr\u00eas anos fora do mercado de trabalho formal.<\/p>\n<p>O pagamento das contas, lembrou o Planejamento, obedeceu um calend\u00e1rio &#8211; que se encerrou em 31 de julho &#8211; de acordo com o m\u00eas de nascimento do trabalhador. A medida, que liberou R$ 44 bilh\u00f5es na economia e beneficiou 26 milh\u00f5es de trabalhadores, vem gerando um impacto positivo sobre o PIB, que pode alcan\u00e7ar 0,61 p.p.<\/p>\n<p>De acordo com a nota do minist\u00e9rio, os trabalhadores diminu\u00edram suas d\u00edvidas e consumiram mais. O Planejamento citou as estat\u00edsticas de desempenho de v\u00e1rios setores para indicar a melhora na economia. Apontou que pesquisas, como do Servi\u00e7o de Prote\u00e7\u00e3o ao Cr\u00e9dito (SPC) e da Confedera\u00e7\u00e3o Nacional de Dirigentes Lojistas (CNDL), verificaram que muitas fam\u00edlias usaram os recursos sacados do FGTS para pagar d\u00edvidas, sair da inadimpl\u00eancia e volta a consumir. O reflexo no consumo foi verificado por indicadores do com\u00e9rcio varejista, como o volume de vendas de supermercados da Associa\u00e7\u00e3o Brasileira de Supermercados (Abras), o volume de vendas de celulares da Associa\u00e7\u00e3o Brasileira da Ind\u00fastria de Eletroeletr\u00f4nicos (Abinee) e o licenciamento de ve\u00edculos (Fenabrave).<\/p>\n<p>\u201cO importante \u00e9 que essa medida beneficiou milh\u00f5es de trabalhadores, permitindo-os acessar um recurso que, na verdade, \u00e9 dele e usar livremente conforme sua decis\u00e3o\u201d, disse o secret\u00e1rio de Planejamento e Assuntos Econ\u00f4micos do minist\u00e9rio do Planejamento, Marcos Ferrari. \u201cO que vimos \u00e9 que esses recursos ajudaram a reduzir o grau de endividamento das fam\u00edlias e, ao mesmo tempo, contribuir com a melhoria do n\u00edvel de atividade, principalmente via com\u00e9rcio, conforme apontam v\u00e1rios indicadores,\u201d disse. <u><\/u><u><\/u><\/p>\n<p>A Medida Provis\u00f3ria n\u00ba 763 foi editada em dezembro do ano passado, no rol das medidas anunciadas pelo governo para estimular o crescimento da economia. Em maio de 2017,\u00a0 foi convertida na Lei n\u00ba 13.446\/2017.<\/p>\n","protected":false},"excerpt":{"rendered":"<p>Medida liberou R$ 44 bilh\u00f5es na economia e beneficiou 26 milh\u00f5es de trabalhadores, segundo estudo do Minist\u00e9rio do Planejamento. De acordo com a nota do minist\u00e9rio, os trabalhadores diminu\u00edram suas d\u00edvidas e consumiram mais O Minist\u00e9rio do Planejamento concluiu que o\u00a0 volume de saques do FGTS superou as expectativas iniciais do governo, com a libera\u00e7\u00e3o de 88% do valor potencial [&hellip;]<\/p>\n","protected":false},"author":27,"featured_media":0,"comment_status":"open","ping_status":"closed","sticky":false,"template":"","format":"standard","meta":{"footnotes":""},"categories":[2719],"tags":[3454,1828,1335,3172,2802,2278,795,88,4898,685,5505,833,4769,5016,8077,489,8076,1795,1804,2441,358,1666,19,261],"class_list":["post-6289","post","type-post","status-publish","format-standard","hentry","category-servidor","tag-atividade","tag-calendario","tag-comprometimento","tag-confianca","tag-consumo","tag-contas","tag-crescimento","tag-economia","tag-familias","tag-fgts","tag-formal","tag-impacto","tag-inadimplencia","tag-inativas","tag-lei-13-4462017","tag-mercado","tag-mp-7632016","tag-nivel","tag-pib","tag-recurso","tag-renda","tag-saque","tag-trabalhadores","tag-trabalho"],"_links":{"self":[{"href":"https:\/\/blogs.correiobraziliense.com.br\/servidor\/wp-json\/wp\/v2\/posts\/6289","targetHints":{"allow":["GET"]}}],"collection":[{"href":"https:\/\/blogs.correiobraziliense.com.br\/servidor\/wp-json\/wp\/v2\/posts"}],"about":[{"href":"https:\/\/blogs.correiobraziliense.com.br\/servidor\/wp-json\/wp\/v2\/types\/post"}],"author":[{"embeddable":true,"href":"https:\/\/blogs.correiobraziliense.com.br\/servidor\/wp-json\/wp\/v2\/users\/27"}],"replies":[{"embeddable":true,"href":"https:\/\/blogs.correiobraziliense.com.br\/servidor\/wp-json\/wp\/v2\/comments?post=6289"}],"version-history":[{"count":1,"href":"https:\/\/blogs.correiobraziliense.com.br\/servidor\/wp-json\/wp\/v2\/posts\/6289\/revisions"}],"predecessor-version":[{"id":6290,"href":"https:\/\/blogs.correiobraziliense.com.br\/servidor\/wp-json\/wp\/v2\/posts\/6289\/revisions\/6290"}],"wp:attachment":[{"href":"https:\/\/blogs.correiobraziliense.com.br\/servidor\/wp-json\/wp\/v2\/media?parent=6289"}],"wp:term":[{"taxonomy":"category","embeddable":true,"href":"https:\/\/blogs.correiobraziliense.com.br\/servidor\/wp-json\/wp\/v2\/categories?post=6289"},{"taxonomy":"post_tag","embeddable":true,"href":"https:\/\/blogs.correiobraziliense.com.br\/servidor\/wp-json\/wp\/v2\/tags?post=6289"}],"curies":[{"name":"wp","href":"https:\/\/api.w.org\/{rel}","templated":true}]}}