{"id":6280,"date":"2017-08-08T20:23:24","date_gmt":"2017-08-08T23:23:24","guid":{"rendered":"https:\/\/blogs.correiobraziliense.com.br\/servidor\/?p=6280"},"modified":"2017-08-08T20:24:40","modified_gmt":"2017-08-08T23:24:40","slug":"nota-da-cut-sobre-criacao-de-nova-aliquota-de-imposto-de-renda","status":"publish","type":"post","link":"https:\/\/blogs.correiobraziliense.com.br\/servidor\/nota-da-cut-sobre-criacao-de-nova-aliquota-de-imposto-de-renda\/","title":{"rendered":"Nota da CUT sobre cria\u00e7\u00e3o de nova al\u00edquota de Imposto de renda"},"content":{"rendered":"<p><em>Ampliar impostos para se manter no cargo \u00e9 imoral e inadmiss\u00edvel, informou a Central \u00danica dos Trabalhadores (CUT)<\/em><\/p>\n<p>Veja a nota:<\/p>\n<p>&#8220;Com a desculpa de que precisava cobrir o rombo nos cofres, o governo Temer congelou os gastos p\u00fablicos por 20 anos, inviabilizando servi\u00e7os em \u00e1reas como sa\u00fade e educa\u00e7\u00e3o. Na \u00e9poca, prometeu, em rede nacional, \u201ccolocar as contas do pa\u00eds em dia\u201d e n\u00e3o aumentar tributos.<\/p>\n<p>Enganou os brasileiros. Est\u00e1\u00a0descumprindo a promessa.<\/p>\n<p>Nesta ter\u00e7a-feira, Temer anunciou a cria\u00e7\u00e3o de uma nova al\u00edquota de imposto de renda para pessoa f\u00edsica, que pode variar de 30% a 35% para sal\u00e1rios acima de R$ 20 mil, al\u00e9m da tributa\u00e7\u00e3o de lucros e dividendos, entre outras medidas, com o objetivo de aumentar a receita em 2018.<\/p>\n<p>Motivo alegado: as contas do pa\u00eds devem fechar o ano com um resultado prim\u00e1rio negativo de R$139 bilh\u00f5es &#8211; valor que pode subir se a arrecada\u00e7\u00e3o n\u00e3o aumentar.\u00a0Como o pa\u00eds continua mergulhado em uma profunda crise, n\u00e3o h\u00e1 luz no fim do t\u00fanel.<\/p>\n<p>A CUT sempre defendeu a amplia\u00e7\u00e3o do n\u00famero de faixas de imposto de renda para quem ganha mais e\u00a0tamb\u00e9m defende amplia\u00e7\u00e3o da faixa de renda isenta de tributa\u00e7\u00e3o, o que beneficiaria os mais pobres.<\/p>\n<p>Para a CUT, a tabela de imposto de renda deve ser atualizada anualmente pela infla\u00e7\u00e3o. Mas, Temer n\u00e3o atualizou a tabela em 2017 nem mexeu na faixa de isen\u00e7\u00e3o, o que vem penalizando os trabalhadores com menores sal\u00e1rios.<\/p>\n<p>Nesse sentido, a CUT entende que as medidas de Temer t\u00eam mais o car\u00e1ter de desespero de um governo incompetente e sem rumo, frente ao cen\u00e1rio nacional desastroso na economia e nas contas p\u00fablicas.Desastre esse provocado pelo pr\u00f3prio governo golpista.<\/p>\n<p>Para a CUT, Temer quer ampliar gastos de forma imoral em troca de favores para se manter no cargo a qualquer pre\u00e7o.<\/p>\n<p>Ampliar impostos para esse fim \u00e9 inaceit\u00e1vel.<\/p>\n<p>Toda amplia\u00e7\u00e3o de recurso deve ser utilizada para garantir o crescimento econ\u00f4mico, gera\u00e7\u00e3o de emprego e renda. O governo Temer privilegia pagar juros para os banqueiros em detrimento da sa\u00fade,\u00a0 educa\u00e7\u00e3o,\u00a0programa Bolsa Fam\u00edlia,\u00a0 cr\u00e9dito para o pequeno agricultor, entre outros programas, que beneficiam o conjunto dos brasileiros.<\/p>\n<p>Vagner Freitas, presidente da CUT&#8221;<\/p>\n","protected":false},"excerpt":{"rendered":"<p>Ampliar impostos para se manter no cargo \u00e9 imoral e inadmiss\u00edvel, informou a Central \u00danica dos Trabalhadores (CUT) Veja a nota: &#8220;Com a desculpa de que precisava cobrir o rombo nos cofres, o governo Temer congelou os gastos p\u00fablicos por 20 anos, inviabilizando servi\u00e7os em \u00e1reas como sa\u00fade e educa\u00e7\u00e3o. Na \u00e9poca, prometeu, em rede nacional, \u201ccolocar as contas do [&hellip;]<\/p>\n","protected":false},"author":27,"featured_media":0,"comment_status":"open","ping_status":"closed","sticky":false,"template":"","format":"standard","meta":{"footnotes":""},"categories":[2719],"tags":[4414,946,8057,2645,8058,2112,999,4768,48,8059,27,1169,8055,355,8056,240,447,783,1462,448,53,241,461,592,30,616,1379],"class_list":["post-6280","post","type-post","status-publish","format-standard","hentry","category-servidor","tag-aliquota","tag-arrecadacao","tag-cobrir","tag-cofres","tag-congelou","tag-criacao","tag-cut","tag-dividendos","tag-educacao","tag-faixas","tag-fisica","tag-gastos","tag-imoral","tag-imposto-de-renda","tag-inadmissivel","tag-inflacao","tag-ir","tag-isenta","tag-lucros","tag-pessoa","tag-promessa","tag-publico","tag-receita","tag-rombo","tag-salarios","tag-saude","tag-servicos"],"_links":{"self":[{"href":"https:\/\/blogs.correiobraziliense.com.br\/servidor\/wp-json\/wp\/v2\/posts\/6280","targetHints":{"allow":["GET"]}}],"collection":[{"href":"https:\/\/blogs.correiobraziliense.com.br\/servidor\/wp-json\/wp\/v2\/posts"}],"about":[{"href":"https:\/\/blogs.correiobraziliense.com.br\/servidor\/wp-json\/wp\/v2\/types\/post"}],"author":[{"embeddable":true,"href":"https:\/\/blogs.correiobraziliense.com.br\/servidor\/wp-json\/wp\/v2\/users\/27"}],"replies":[{"embeddable":true,"href":"https:\/\/blogs.correiobraziliense.com.br\/servidor\/wp-json\/wp\/v2\/comments?post=6280"}],"version-history":[{"count":2,"href":"https:\/\/blogs.correiobraziliense.com.br\/servidor\/wp-json\/wp\/v2\/posts\/6280\/revisions"}],"predecessor-version":[{"id":6282,"href":"https:\/\/blogs.correiobraziliense.com.br\/servidor\/wp-json\/wp\/v2\/posts\/6280\/revisions\/6282"}],"wp:attachment":[{"href":"https:\/\/blogs.correiobraziliense.com.br\/servidor\/wp-json\/wp\/v2\/media?parent=6280"}],"wp:term":[{"taxonomy":"category","embeddable":true,"href":"https:\/\/blogs.correiobraziliense.com.br\/servidor\/wp-json\/wp\/v2\/categories?post=6280"},{"taxonomy":"post_tag","embeddable":true,"href":"https:\/\/blogs.correiobraziliense.com.br\/servidor\/wp-json\/wp\/v2\/tags?post=6280"}],"curies":[{"name":"wp","href":"https:\/\/api.w.org\/{rel}","templated":true}]}}