{"id":6266,"date":"2017-08-08T12:43:48","date_gmt":"2017-08-08T15:43:48","guid":{"rendered":"https:\/\/blogs.correiobraziliense.com.br\/servidor\/?p=6266"},"modified":"2017-08-08T12:43:48","modified_gmt":"2017-08-08T15:43:48","slug":"vem-ai-novo-pacote-de-aumento-de-impostos","status":"publish","type":"post","link":"https:\/\/blogs.correiobraziliense.com.br\/servidor\/vem-ai-novo-pacote-de-aumento-de-impostos\/","title":{"rendered":"Vem a\u00ed novo pacote de aumento de impostos"},"content":{"rendered":"<p>O governo vai mais uma vez aumentar impostos para elevar a arrecada\u00e7\u00e3o e fechar o or\u00e7amento de 2018. H\u00e1 estudos do Minist\u00e9rio da Fazenda com o objetivo de criar nova al\u00edquota de Imposto de Renda, entre 30% e 35%, para contribuintes pessoa f\u00edsica com rendimentos mensais acima de R$ 20 mil. Segundo as informa\u00e7\u00f5es, entre as medidas ensaiadas, a previs\u00e3o, tamb\u00e9m, \u00e9 de se mexer na tributa\u00e7\u00e3o da distribui\u00e7\u00e3o de lucros e dividendos e acabar com a isen\u00e7\u00e3o de algumas aplica\u00e7\u00f5es do mercado financeiro, conforme divulgou o Estad\u00e3o.<\/p>\n<p>Com esse pacote de aumento de impostos, o refor\u00e7o nos cofres do Tesouro \u00e9 de, pelo menos, R$ 35,5 bilh\u00f5es. Deste total, a proposta em estudo de cria\u00e7\u00e3o da al\u00edquota de 30% ou 35% de IR para quem tem sal\u00e1rio superior a R$ 20 mil prev\u00ea arrecadar at\u00e9 R$ 4 bilh\u00f5es a mais. J\u00e1 a tributa\u00e7\u00e3o de lucros e dividendos poderia render ao menos R$ 15 bilh\u00f5es em 2018. Com o fim da isen\u00e7\u00e3o do imposto sobre as LCA (Letra de Cr\u00e9dito do Agroneg\u00f3cio) e LCI (Letra de Cr\u00e9dito Imobili\u00e1rio), ser\u00e3o injetados entre R$ 3 bilh\u00f5es a R$ 4 bilh\u00f5es no caixa.<\/p>\n<p>Al\u00e9m disso, uma revis\u00e3o da tributa\u00e7\u00e3o dos fundos de investimento imobili\u00e1rio, que hoje s\u00e3o isentos da cobran\u00e7a do Imposto de Renda sobre o ganho de capital, tamb\u00e9m est\u00e1 em an\u00e1lise. E os investidores estrangeiros, que t\u00eam isen\u00e7\u00e3o para investir no mercado financeiro, podem perder essa vantagem. A tributa\u00e7\u00e3o sobre distribui\u00e7\u00e3o de dividendos j\u00e1 foi assunto de v\u00e1rias propostas de reforma tribut\u00e1ria, mas nunca chegou a ser aceita. H\u00e1 resist\u00eancias fortes de grupos empresariais e tamb\u00e9m de especialistas, dentro e fora do governo.<\/p>\n<p>De acordo com as informa\u00e7\u00f5es, como o assunto \u00e9 pol\u00eamico, a Fazenda vai apresentar v\u00e1rias op\u00e7\u00f5es para a aprecia\u00e7\u00e3o do presidente Michel Temer. Se o chefe do Executivo entender que s\u00e3o politicamente vi\u00e1veis, poder\u00e1 encaminh\u00e1-las ao Congresso. Para entrar em vigor, \u00e9 necess\u00e1rio aprovar um projeto de lei ordin\u00e1ria.<\/p>\n","protected":false},"excerpt":{"rendered":"<p>O governo vai mais uma vez aumentar impostos para elevar a arrecada\u00e7\u00e3o e fechar o or\u00e7amento de 2018. H\u00e1 estudos do Minist\u00e9rio da Fazenda com o objetivo de criar nova al\u00edquota de Imposto de Renda, entre 30% e 35%, para contribuintes pessoa f\u00edsica com rendimentos mensais acima de R$ 20 mil. Segundo as informa\u00e7\u00f5es, entre as medidas ensaiadas, a previs\u00e3o, [&hellip;]<\/p>\n","protected":false},"author":27,"featured_media":0,"comment_status":"open","ping_status":"closed","sticky":false,"template":"","format":"standard","meta":{"footnotes":""},"categories":[2719],"tags":[4414,449,75,2645,100,515,3534,4768,2627,9,1551,218,98,6385,355,2770,1619,447,6125,8017,8018,102,1462,8016,489,810,8019,1485,2025,964,2769,2259],"class_list":["post-6266","post","type-post","status-publish","format-standard","hentry","category-servidor","tag-aliquota","tag-aplicacoes","tag-aumento","tag-cofres","tag-congresso","tag-contribuintes","tag-distribuicao","tag-dividendos","tag-estrangeiros","tag-executivo","tag-financeiro","tag-fundos","tag-governo","tag-imobiliario","tag-imposto-de-renda","tag-impostos","tag-investidores","tag-ir","tag-isencao","tag-lca","tag-lci","tag-lei","tag-lucros","tag-mensais","tag-mercado","tag-ministerio-da-fazenda","tag-ordinaria","tag-pacote","tag-rendimentos","tag-tesouro","tag-tributacao","tag-vantagem"],"_links":{"self":[{"href":"https:\/\/blogs.correiobraziliense.com.br\/servidor\/wp-json\/wp\/v2\/posts\/6266","targetHints":{"allow":["GET"]}}],"collection":[{"href":"https:\/\/blogs.correiobraziliense.com.br\/servidor\/wp-json\/wp\/v2\/posts"}],"about":[{"href":"https:\/\/blogs.correiobraziliense.com.br\/servidor\/wp-json\/wp\/v2\/types\/post"}],"author":[{"embeddable":true,"href":"https:\/\/blogs.correiobraziliense.com.br\/servidor\/wp-json\/wp\/v2\/users\/27"}],"replies":[{"embeddable":true,"href":"https:\/\/blogs.correiobraziliense.com.br\/servidor\/wp-json\/wp\/v2\/comments?post=6266"}],"version-history":[{"count":1,"href":"https:\/\/blogs.correiobraziliense.com.br\/servidor\/wp-json\/wp\/v2\/posts\/6266\/revisions"}],"predecessor-version":[{"id":6267,"href":"https:\/\/blogs.correiobraziliense.com.br\/servidor\/wp-json\/wp\/v2\/posts\/6266\/revisions\/6267"}],"wp:attachment":[{"href":"https:\/\/blogs.correiobraziliense.com.br\/servidor\/wp-json\/wp\/v2\/media?parent=6266"}],"wp:term":[{"taxonomy":"category","embeddable":true,"href":"https:\/\/blogs.correiobraziliense.com.br\/servidor\/wp-json\/wp\/v2\/categories?post=6266"},{"taxonomy":"post_tag","embeddable":true,"href":"https:\/\/blogs.correiobraziliense.com.br\/servidor\/wp-json\/wp\/v2\/tags?post=6266"}],"curies":[{"name":"wp","href":"https:\/\/api.w.org\/{rel}","templated":true}]}}