{"id":6255,"date":"2017-08-07T17:06:07","date_gmt":"2017-08-07T20:06:07","guid":{"rendered":"https:\/\/blogs.correiobraziliense.com.br\/servidor\/?p=6255"},"modified":"2017-08-07T17:06:07","modified_gmt":"2017-08-07T20:06:07","slug":"procuradores-da-republica-repudiam-ataques-pessoais-rodrigo-janot","status":"publish","type":"post","link":"https:\/\/blogs.correiobraziliense.com.br\/servidor\/procuradores-da-republica-repudiam-ataques-pessoais-rodrigo-janot\/","title":{"rendered":"Procuradores da Rep\u00fablica repudiam ataques pessoais a Rodrigo Janot"},"content":{"rendered":"<div><em>ANPR condena posi\u00e7\u00f5es pol\u00edticas do ministro Gilmar Mendes contra o procurador-geral da Rep\u00fablica. &#8220;O furor mal contido nas declara\u00e7\u00f5es de Gilmar Mendes revela objetivos e opini\u00f5es pessoais (al\u00e9m de descabidas), e n\u00e3o cuidado com o interesse p\u00fablico&#8221;, destaca a entidade<\/em><\/div>\n<div>Veja a nota:<\/div>\n<div>&#8220;<\/div>\n<div>Representante de 1.300 membros do Minist\u00e9rio P\u00fablico Federal, a Associa\u00e7\u00e3o Nacional dos Procuradores da Rep\u00fablica (ANPR) vem a p\u00fablico repudiar os ataques absolutamente sem base e pessoais ao Procurador-Geral da Rep\u00fablica, Rodrigo Janot, proferidos em deliberada s\u00e9rie de declara\u00e7\u00f5es, nos \u00faltimos dias, pelo ministro do Supremo Tribunal Federal (STF), e Presidente do Tribunal Superior Eleitoral, \u00a0Gilmar Mendes.<\/div>\n<div><\/div>\n<div>Em primeiro lugar, e desde logo, \u00e9 deplor\u00e1vel que um Magistrado, Membro da mais alta Corte do Pa\u00eds, esque\u00e7a reiteradamente de sua posi\u00e7\u00e3o para tomar posi\u00e7\u00f5es pol\u00edticas (muito pr\u00f3ximas da pol\u00edtica partid\u00e1ria) e ignore o respeito que tem de existir entre as institui\u00e7\u00f5es, para atacar em termos pessoais o Chefe do Minist\u00e9rio P\u00fablico Federal. N\u00e3o \u00e9 o comportamento digno que se esperaria de uma autoridade da Rep\u00fablica. O furor mal contido nas declara\u00e7\u00f5es de Gilmar Mendes revela objetivos e opini\u00f5es pessoais (al\u00e9m de descabidas), e n\u00e3o cuidado com o interesse p\u00fablico.<\/div>\n<div><\/div>\n<div>Rodrigo Janot foi duas vezes nomeado para o cargo de PGR depois de escolhido em Lista Tr\u00edplice pelos seus pares, a \u00faltima delas com consagradora vota\u00e7\u00e3o de quase 80% de sua classe. Em ambas as indica\u00e7\u00f5es foi aprovado pelo Senado Federal por larga margem, tudo isso a demonstrar o apoio interno e externo que teve, merc\u00ea de seu preparo t\u00e9cnico, lideran\u00e7a e hist\u00f3ria no Minist\u00e9rio P\u00fablico Federal. O trabalho do Procurador-Geral da Rep\u00fablica, Rodrigo Janot, nestes quase quatro anos de mandato, por outro lado, foi sempre impessoal, objetivo, intimorato e de qualidade. N\u00e3o por outro motivo tem o apoio da popula\u00e7\u00e3o brasileira.<\/div>\n<div><\/div>\n<div>O Minist\u00e9rio P\u00fablico n\u00e3o age para perseguir ningu\u00e9m, e n\u00e3o tem agendas que n\u00e3o o cumprimento de sua miss\u00e3o constitucional. Tampouco, todavia, teme ou hesita o MPF em desagradar quem quer que seja, quando trabalha para o cumprimento da lei e promove a justi\u00e7a. O Procurador-Geral da Rep\u00fablica assim tem agido em todas as esferas de sua compet\u00eancia, promovendo o combate \u00e0 corrup\u00e7\u00e3o e liderando o Minist\u00e9rio P\u00fablico Federal na complexa tarefa de defender a sociedade. Se isto incomoda a alguns, que assim seja. O MPF e suas lideran\u00e7as jamais se intimidar\u00e3o. Estamos em uma Rep\u00fablica, e ningu\u00e9m nela est\u00e1 acima da Lei.<\/div>\n<div><\/div>\n<div><strong>Jos\u00e9 Robalinho Cavalcanti<\/strong><\/div>\n<div>Procurador Regional da Rep\u00fablica<\/div>\n<div>Presidente da ANPR&#8221;<\/div>\n","protected":false},"excerpt":{"rendered":"<p>ANPR condena posi\u00e7\u00f5es pol\u00edticas do ministro Gilmar Mendes contra o procurador-geral da Rep\u00fablica. &#8220;O furor mal contido nas declara\u00e7\u00f5es de Gilmar Mendes revela objetivos e opini\u00f5es pessoais (al\u00e9m de descabidas), e n\u00e3o cuidado com o interesse p\u00fablico&#8221;, destaca a entidade Veja a nota: &#8220; Representante de 1.300 membros do Minist\u00e9rio P\u00fablico Federal, a Associa\u00e7\u00e3o Nacional dos Procuradores da Rep\u00fablica (ANPR) [&hellip;]<\/p>\n","protected":false},"author":27,"featured_media":0,"comment_status":"open","ping_status":"closed","sticky":false,"template":"","format":"standard","meta":{"footnotes":""},"categories":[2719],"tags":[4959,792,2137,7988,1302,4589,1218,7987,7985,3455,694,5026,2706,1353,7986,2973,1704,545,3152,1235,241,1417,74,1337,3627,696,34,2053,1498],"class_list":["post-6255","post","type-post","status-publish","format-standard","hentry","category-servidor","tag-anpr","tag-apoio","tag-ataque","tag-autoriade","tag-brasileira","tag-comportamento","tag-declaracoes","tag-difno","tag-furor","tag-gilmar-mendes","tag-interesse","tag-mandato","tag-nomeado","tag-objetivos","tag-opinioes","tag-partidaria","tag-pessoais","tag-populacao","tag-procurador-geral","tag-procuradores","tag-publico","tag-republica","tag-repudiam","tag-respeito","tag-rodrigo-janot","tag-senado","tag-stf","tag-tse","tag-votacao"],"_links":{"self":[{"href":"https:\/\/blogs.correiobraziliense.com.br\/servidor\/wp-json\/wp\/v2\/posts\/6255","targetHints":{"allow":["GET"]}}],"collection":[{"href":"https:\/\/blogs.correiobraziliense.com.br\/servidor\/wp-json\/wp\/v2\/posts"}],"about":[{"href":"https:\/\/blogs.correiobraziliense.com.br\/servidor\/wp-json\/wp\/v2\/types\/post"}],"author":[{"embeddable":true,"href":"https:\/\/blogs.correiobraziliense.com.br\/servidor\/wp-json\/wp\/v2\/users\/27"}],"replies":[{"embeddable":true,"href":"https:\/\/blogs.correiobraziliense.com.br\/servidor\/wp-json\/wp\/v2\/comments?post=6255"}],"version-history":[{"count":1,"href":"https:\/\/blogs.correiobraziliense.com.br\/servidor\/wp-json\/wp\/v2\/posts\/6255\/revisions"}],"predecessor-version":[{"id":6256,"href":"https:\/\/blogs.correiobraziliense.com.br\/servidor\/wp-json\/wp\/v2\/posts\/6255\/revisions\/6256"}],"wp:attachment":[{"href":"https:\/\/blogs.correiobraziliense.com.br\/servidor\/wp-json\/wp\/v2\/media?parent=6255"}],"wp:term":[{"taxonomy":"category","embeddable":true,"href":"https:\/\/blogs.correiobraziliense.com.br\/servidor\/wp-json\/wp\/v2\/categories?post=6255"},{"taxonomy":"post_tag","embeddable":true,"href":"https:\/\/blogs.correiobraziliense.com.br\/servidor\/wp-json\/wp\/v2\/tags?post=6255"}],"curies":[{"name":"wp","href":"https:\/\/api.w.org\/{rel}","templated":true}]}}