{"id":6249,"date":"2017-08-04T16:06:26","date_gmt":"2017-08-04T19:06:26","guid":{"rendered":"https:\/\/blogs.correiobraziliense.com.br\/servidor\/?p=6249"},"modified":"2017-08-04T16:06:26","modified_gmt":"2017-08-04T19:06:26","slug":"corregedoria-investiga-habeas-corpus-filho-de-desembargadora-do-mato-grosso-do-sul","status":"publish","type":"post","link":"https:\/\/blogs.correiobraziliense.com.br\/servidor\/corregedoria-investiga-habeas-corpus-filho-de-desembargadora-do-mato-grosso-do-sul\/","title":{"rendered":"Corregedoria investiga habeas corpus a filho de desembargadora do Mato Grosso do Sul"},"content":{"rendered":"<p>O Corregedor Nacional de Justi\u00e7a, ministro Jo\u00e3o Ot\u00e1vio de Noronha, determinou a instaura\u00e7\u00e3o de reclama\u00e7\u00e3o disciplinar contra os desembargadores do Tribunal de Justi\u00e7a do Mato Grosso do Sul (TJMS) T\u00e2nia Garcia de Freitas Borges, Jos\u00e9 Ale Ahmad Netto e Rui Celso Barbosa Florence, para apurar poss\u00edveis viola\u00e7\u00f5es \u00e0 Lei Org\u00e2nica da Magistratura Nacional (Loman).<\/p>\n<p>Os tr\u00eas desembargadores s\u00e3o investigados no epis\u00f3dio de concess\u00e3o de <em>habeas corpus<\/em> a Breno Fernando Borges, filho da desembargadora T\u00e2nia, que foi preso em flagrante por tr\u00e1fico de drogas e posse de armas e muni\u00e7\u00f5es.<\/p>\n<p>O procedimento corre no CNJ em sigilo. Ap\u00f3s serem notificados, os magistrados ter\u00e3o cinco dias para apresentar as defesas. Com as alega\u00e7\u00f5es dos desembargadores em m\u00e3o, o ministro decidir\u00e1 se prop\u00f5e ao Plen\u00e1rio do conselho a abertura de um procedimento administrativo disciplinar.<\/p>\n","protected":false},"excerpt":{"rendered":"<p>O Corregedor Nacional de Justi\u00e7a, ministro Jo\u00e3o Ot\u00e1vio de Noronha, determinou a instaura\u00e7\u00e3o de reclama\u00e7\u00e3o disciplinar contra os desembargadores do Tribunal de Justi\u00e7a do Mato Grosso do Sul (TJMS) T\u00e2nia Garcia de Freitas Borges, Jos\u00e9 Ale Ahmad Netto e Rui Celso Barbosa Florence, para apurar poss\u00edveis viola\u00e7\u00f5es \u00e0 Lei Org\u00e2nica da Magistratura Nacional (Loman). Os tr\u00eas desembargadores s\u00e3o investigados no [&hellip;]<\/p>\n","protected":false},"author":27,"featured_media":0,"comment_status":"open","ping_status":"closed","sticky":false,"template":"","format":"standard","meta":{"footnotes":""},"categories":[2719],"tags":[4799,254,2624,7976,3636,5414,3744,7128,7975,1675,5737,5295,6424,2568,7977,6516,2005,2039,2071],"class_list":["post-6249","post","type-post","status-publish","format-standard","hentry","category-servidor","tag-armas","tag-cnj","tag-corregedoria","tag-desembargadora","tag-disciplinar","tag-drogas","tag-filho","tag-flagrante","tag-habeas-corpus","tag-investiga","tag-loman","tag-mato-grosso-do-sul","tag-municoes","tag-preso","tag-reclamacao","tag-sigilo","tag-tjms","tag-trafico","tag-violacoes"],"_links":{"self":[{"href":"https:\/\/blogs.correiobraziliense.com.br\/servidor\/wp-json\/wp\/v2\/posts\/6249","targetHints":{"allow":["GET"]}}],"collection":[{"href":"https:\/\/blogs.correiobraziliense.com.br\/servidor\/wp-json\/wp\/v2\/posts"}],"about":[{"href":"https:\/\/blogs.correiobraziliense.com.br\/servidor\/wp-json\/wp\/v2\/types\/post"}],"author":[{"embeddable":true,"href":"https:\/\/blogs.correiobraziliense.com.br\/servidor\/wp-json\/wp\/v2\/users\/27"}],"replies":[{"embeddable":true,"href":"https:\/\/blogs.correiobraziliense.com.br\/servidor\/wp-json\/wp\/v2\/comments?post=6249"}],"version-history":[{"count":1,"href":"https:\/\/blogs.correiobraziliense.com.br\/servidor\/wp-json\/wp\/v2\/posts\/6249\/revisions"}],"predecessor-version":[{"id":6250,"href":"https:\/\/blogs.correiobraziliense.com.br\/servidor\/wp-json\/wp\/v2\/posts\/6249\/revisions\/6250"}],"wp:attachment":[{"href":"https:\/\/blogs.correiobraziliense.com.br\/servidor\/wp-json\/wp\/v2\/media?parent=6249"}],"wp:term":[{"taxonomy":"category","embeddable":true,"href":"https:\/\/blogs.correiobraziliense.com.br\/servidor\/wp-json\/wp\/v2\/categories?post=6249"},{"taxonomy":"post_tag","embeddable":true,"href":"https:\/\/blogs.correiobraziliense.com.br\/servidor\/wp-json\/wp\/v2\/tags?post=6249"}],"curies":[{"name":"wp","href":"https:\/\/api.w.org\/{rel}","templated":true}]}}