{"id":6210,"date":"2017-08-02T14:50:15","date_gmt":"2017-08-02T17:50:15","guid":{"rendered":"https:\/\/blogs.correiobraziliense.com.br\/servidor\/?p=6210"},"modified":"2017-08-02T14:50:15","modified_gmt":"2017-08-02T17:50:15","slug":"mandato-classista-policia-federal-e-obrigada-incluir-dirigente-sindical-em-folha-de-pagamento","status":"publish","type":"post","link":"https:\/\/blogs.correiobraziliense.com.br\/servidor\/mandato-classista-policia-federal-e-obrigada-incluir-dirigente-sindical-em-folha-de-pagamento\/","title":{"rendered":"Mandato classista &#8211; Pol\u00edcia Federal \u00e9 obrigada a incluir dirigente sindical em folha de pagamento"},"content":{"rendered":"<p><em>O Departamento da Pol\u00edcia Federal, no Distrito Federal, deve incluir imediatamente um dirigente sindical na folha de pagamento. A ordem \u00e9 do juiz federal substituto Renato C. Borelli, da 20\u00aa Vara Federal do Distrito Federal<\/em><\/p>\n<p>A a\u00e7\u00e3o ordin\u00e1ria foi ajuizada pelo dirigente sindical, representado pelo advogado Rudi Cassel, do escrit\u00f3rio Cassel Ruzzarin Santos Rodrigues Advogados. Ele pediu o reconhecimento do direito do autor \u00e0 licen\u00e7a para desempenho de mandato sindical com ressarcimento, al\u00e9m do seu direito \u00e0 manuten\u00e7\u00e3o do v\u00ednculo com o Regime Pr\u00f3prio de Previd\u00eancia Social durante o per\u00edodo dessa licen\u00e7a.<\/p>\n<p>O juiz\u00a0 acatou os argumentos do advogado. Para o magistrado, ficou demonstrada a probabilidade do direito pleiteado, bem como o perigo de dano ao resultado \u00fatil do processo em caso de demora para a concess\u00e3o da medida liminar.<\/p>\n<p>Segundo o advogado Rudi Cassel, \u201ca manuten\u00e7\u00e3o do servidor na folha de pagamento mant\u00e9m a autonomia e a liberdade sindical e preserva, ainda, a seguran\u00e7a necess\u00e1ria no que se refere ao recolhimento da contribui\u00e7\u00e3o previdenci\u00e1ria ao respectivo Regime Pr\u00f3prio de Previd\u00eancia Social, a contagem do tempo de servi\u00e7o para fins de aposentadoria e os demais direitos decorrentes da rela\u00e7\u00e3o funcional\u201d. Cabe recurso.<\/p>\n<p>Processo n\u00ba 1007051-69.2017.4.01.3400<\/p>\n","protected":false},"excerpt":{"rendered":"<p>O Departamento da Pol\u00edcia Federal, no Distrito Federal, deve incluir imediatamente um dirigente sindical na folha de pagamento. A ordem \u00e9 do juiz federal substituto Renato C. Borelli, da 20\u00aa Vara Federal do Distrito Federal A a\u00e7\u00e3o ordin\u00e1ria foi ajuizada pelo dirigente sindical, representado pelo advogado Rudi Cassel, do escrit\u00f3rio Cassel Ruzzarin Santos Rodrigues Advogados. Ele pediu o reconhecimento do [&hellip;]<\/p>\n","protected":false},"author":27,"featured_media":0,"comment_status":"open","ping_status":"closed","sticky":false,"template":"","format":"standard","meta":{"footnotes":""},"categories":[2719],"tags":[6,7891,1437,4966,131,3478,2303,116,7890,1731,150,4297,1757,243,5026,151,104,132,4840,588,208,212,4319,2019,7619],"class_list":["post-6210","post","type-post","status-publish","format-standard","hentry","category-servidor","tag-aposentadoria","tag-cindical","tag-classista","tag-contagem","tag-contribuicao","tag-dano","tag-desempenho","tag-direito","tag-dirigente","tag-dpf","tag-folha","tag-incluir","tag-liberdade","tag-licenca","tag-mandato","tag-pagamento","tag-policia-federal","tag-previdenciaria","tag-ressarcimento","tag-rpps","tag-seguranca","tag-servico","tag-sindical","tag-tempo","tag-vlinculo"],"_links":{"self":[{"href":"https:\/\/blogs.correiobraziliense.com.br\/servidor\/wp-json\/wp\/v2\/posts\/6210","targetHints":{"allow":["GET"]}}],"collection":[{"href":"https:\/\/blogs.correiobraziliense.com.br\/servidor\/wp-json\/wp\/v2\/posts"}],"about":[{"href":"https:\/\/blogs.correiobraziliense.com.br\/servidor\/wp-json\/wp\/v2\/types\/post"}],"author":[{"embeddable":true,"href":"https:\/\/blogs.correiobraziliense.com.br\/servidor\/wp-json\/wp\/v2\/users\/27"}],"replies":[{"embeddable":true,"href":"https:\/\/blogs.correiobraziliense.com.br\/servidor\/wp-json\/wp\/v2\/comments?post=6210"}],"version-history":[{"count":1,"href":"https:\/\/blogs.correiobraziliense.com.br\/servidor\/wp-json\/wp\/v2\/posts\/6210\/revisions"}],"predecessor-version":[{"id":6211,"href":"https:\/\/blogs.correiobraziliense.com.br\/servidor\/wp-json\/wp\/v2\/posts\/6210\/revisions\/6211"}],"wp:attachment":[{"href":"https:\/\/blogs.correiobraziliense.com.br\/servidor\/wp-json\/wp\/v2\/media?parent=6210"}],"wp:term":[{"taxonomy":"category","embeddable":true,"href":"https:\/\/blogs.correiobraziliense.com.br\/servidor\/wp-json\/wp\/v2\/categories?post=6210"},{"taxonomy":"post_tag","embeddable":true,"href":"https:\/\/blogs.correiobraziliense.com.br\/servidor\/wp-json\/wp\/v2\/tags?post=6210"}],"curies":[{"name":"wp","href":"https:\/\/api.w.org\/{rel}","templated":true}]}}