{"id":6207,"date":"2017-08-02T14:46:15","date_gmt":"2017-08-02T17:46:15","guid":{"rendered":"https:\/\/blogs.correiobraziliense.com.br\/servidor\/?p=6207"},"modified":"2017-08-02T14:46:15","modified_gmt":"2017-08-02T17:46:15","slug":"servidor-publico-pode-optar-por-regime-mais-benefico-de-previdencia","status":"publish","type":"post","link":"https:\/\/blogs.correiobraziliense.com.br\/servidor\/servidor-publico-pode-optar-por-regime-mais-benefico-de-previdencia\/","title":{"rendered":"Servidor p\u00fablico pode optar por regime mais ben\u00e9fico de previd\u00eancia"},"content":{"rendered":"<p>Servidores p\u00fablicos oriundos de outros \u00f3rg\u00e3os da Administra\u00e7\u00e3o P\u00fablica \u2014 que ingressaram antes da institui\u00e7\u00e3o do regime de previd\u00eancia complementar \u2014 podem optar entre o regime de previd\u00eancia complementar e a manuten\u00e7\u00e3o do regime previdenci\u00e1rio anterior. O entendimento \u00e9 da ju\u00edza federal Adverci Rates Mendes de Abreu, da 20\u00aa Vara Federal do Distrito Federal.<\/p>\n<p>Ele foi exclu\u00eddo do regime de previd\u00eancia complementar e mantido no regime pr\u00f3prio de previd\u00eancia dos servidores porque ingressou no servi\u00e7o p\u00fablico antes da institui\u00e7\u00e3o do novo regime complementar. A ju\u00edza, com base na jurisprud\u00eancia do Superior Tribunal de Justi\u00e7a e do Supremo Tribunal Federal, decidiu que a contribui\u00e7\u00e3o previdenci\u00e1ria deve incidir sobre a totalidade da base contributiva da remunera\u00e7\u00e3o, endere\u00e7ada exclusivamente para o Regime Pr\u00f3prio de Previd\u00eancia Social da Uni\u00e3o. Ela concedeu tutela provis\u00f3ria de urg\u00eancia ap\u00f3s o ato administrativo que negou o pedido de enquadramento previdenci\u00e1rio de um servidor.<\/p>\n<p>A a\u00e7\u00e3o foi movida para incluir o autor no teto contributivo vinculado ao benef\u00edcio m\u00e1ximo do Regime Geral de Previd\u00eancia (RGPS), desconsiderando-se os tempos cont\u00ednuos anteriores em servi\u00e7o p\u00fablico, em cargo p\u00fablico efetivo estadual, cujo marco inicial aconteceu em 22 de novembro de 2006. O pedido foi atendido em primeira inst\u00e2ncia.<\/p>\n<p>Para Jean P. Ruzzarin, s\u00f3cio do Cassel Ruzzarin Santos Rodrigues Advogados, que representou o servidor p\u00fablico, \u201cn\u00e3o s\u00e3o poucas as decis\u00f5es judiciais recentes em a\u00e7\u00f5es semelhantes, reconhecendo o erro da interpreta\u00e7\u00e3o restritiva da r\u00e9 sobre o par\u00e1grafo 16, do artigo 40, da Lei n\u00ba 12.618\/2012, em outros setores da Administra\u00e7\u00e3o P\u00fablica\u201d. A Administra\u00e7\u00e3o P\u00fablica j\u00e1 recorreu.<\/p>\n<p><strong>Processo n\u00ba 0006292-25.2017.4.01.3400 <\/strong><\/p>\n","protected":false},"excerpt":{"rendered":"<p>Servidores p\u00fablicos oriundos de outros \u00f3rg\u00e3os da Administra\u00e7\u00e3o P\u00fablica \u2014 que ingressaram antes da institui\u00e7\u00e3o do regime de previd\u00eancia complementar \u2014 podem optar entre o regime de previd\u00eancia complementar e a manuten\u00e7\u00e3o do regime previdenci\u00e1rio anterior. O entendimento \u00e9 da ju\u00edza federal Adverci Rates Mendes de Abreu, da 20\u00aa Vara Federal do Distrito Federal. Ele foi exclu\u00eddo do regime de [&hellip;]<\/p>\n","protected":false},"author":27,"featured_media":0,"comment_status":"open","ping_status":"closed","sticky":false,"template":"","format":"standard","meta":{"footnotes":""},"categories":[2719],"tags":[7889,7,131,7506,7888,6865,549,132,241,2325,588,8,34,1040,642],"class_list":["post-6207","post","type-post","status-publish","format-standard","hentry","category-servidor","tag-benefico","tag-complementar","tag-contribuicao","tag-contributivo","tag-optar","tag-pgps","tag-previdencia","tag-previdenciaria","tag-publico","tag-regime","tag-rpps","tag-servidor","tag-stf","tag-stj","tag-teto"],"_links":{"self":[{"href":"https:\/\/blogs.correiobraziliense.com.br\/servidor\/wp-json\/wp\/v2\/posts\/6207","targetHints":{"allow":["GET"]}}],"collection":[{"href":"https:\/\/blogs.correiobraziliense.com.br\/servidor\/wp-json\/wp\/v2\/posts"}],"about":[{"href":"https:\/\/blogs.correiobraziliense.com.br\/servidor\/wp-json\/wp\/v2\/types\/post"}],"author":[{"embeddable":true,"href":"https:\/\/blogs.correiobraziliense.com.br\/servidor\/wp-json\/wp\/v2\/users\/27"}],"replies":[{"embeddable":true,"href":"https:\/\/blogs.correiobraziliense.com.br\/servidor\/wp-json\/wp\/v2\/comments?post=6207"}],"version-history":[{"count":1,"href":"https:\/\/blogs.correiobraziliense.com.br\/servidor\/wp-json\/wp\/v2\/posts\/6207\/revisions"}],"predecessor-version":[{"id":6208,"href":"https:\/\/blogs.correiobraziliense.com.br\/servidor\/wp-json\/wp\/v2\/posts\/6207\/revisions\/6208"}],"wp:attachment":[{"href":"https:\/\/blogs.correiobraziliense.com.br\/servidor\/wp-json\/wp\/v2\/media?parent=6207"}],"wp:term":[{"taxonomy":"category","embeddable":true,"href":"https:\/\/blogs.correiobraziliense.com.br\/servidor\/wp-json\/wp\/v2\/categories?post=6207"},{"taxonomy":"post_tag","embeddable":true,"href":"https:\/\/blogs.correiobraziliense.com.br\/servidor\/wp-json\/wp\/v2\/tags?post=6207"}],"curies":[{"name":"wp","href":"https:\/\/api.w.org\/{rel}","templated":true}]}}