{"id":6205,"date":"2017-08-02T14:42:44","date_gmt":"2017-08-02T17:42:44","guid":{"rendered":"https:\/\/blogs.correiobraziliense.com.br\/servidor\/?p=6205"},"modified":"2017-08-02T14:42:44","modified_gmt":"2017-08-02T17:42:44","slug":"tst-decide-sobre-indenizacoes-de-familiares-de-funcionario-da-petrobras-que-morreu-em-acidente-de-trabalho","status":"publish","type":"post","link":"https:\/\/blogs.correiobraziliense.com.br\/servidor\/tst-decide-sobre-indenizacoes-de-familiares-de-funcionario-da-petrobras-que-morreu-em-acidente-de-trabalho\/","title":{"rendered":"TST decide sobre indeniza\u00e7\u00f5es de familiares de funcion\u00e1rio da Petrobras que morreu em acidente de trabalho"},"content":{"rendered":"<p><em>Empresa poder\u00e1 ser condenada a pagar indeniza\u00e7\u00e3o de R$ 300 mil<\/em><\/p>\n<p>A S\u00e9tima Turma do Tribunal Superior do Trabalho (TST) deve julgar nesta quarta-feira (2) o recurso ao pedido de indeniza\u00e7\u00e3o por danos morais e materiais \u00e0 fam\u00edlia de um t\u00e9cnico de opera\u00e7\u00f5es da Petrobras, que morreu ap\u00f3s ter 70% do corpo queimado em um acidente de trabalho. A empresa recorre da decis\u00e3o do Tribunal Regional da 20\u00aa Regi\u00e3o (TRT-20), que reconheceu a responsabilidade da Petrobras no acidente.<\/p>\n<p>Segundo a advogada C\u00edntia Fernandes, s\u00f3cia do escrit\u00f3rio Roberto Caldas, Mauro Menezes &amp; Advogados, a Petrobras pede a reforma do ac\u00f3rd\u00e3o, entre outras alega\u00e7\u00f5es, sob o fundamento de que o trabalhador teria incorrido em falha operacional ao deslocar-se para \u00e1rea de fogo. \u201cTodavia, a decis\u00e3o pronunciada na esfera ordin\u00e1ria deixou consignado que ficou devidamente comprovada, por meio da prova documental e testemunhal, a culpa da empresa no acidente de trabalho, tendo em vista as in\u00fameras falhas operacionais, bem como mec\u00e2nicas no equipamento que ocasionou as chamas que atingiram o obreiro\u201d, explica.<\/p>\n<p>A relatoria do processo ARR- 487-52.2012.5.20.0006 est\u00e1 nas m\u00e3os do ministro Douglas Alencar Rodrigues. Se a S\u00e9tima Turma do TST optar pela manuten\u00e7\u00e3o da decis\u00e3o, a Petrobras dever\u00e1 pagar indeniza\u00e7\u00e3o de R$ 300 mil a cada um dos benefici\u00e1rios e pens\u00e3o compat\u00edvel com a remunera\u00e7\u00e3o do trabalhador, proporcional at\u00e9 o tempo que ele completaria 79 anos, em parcela \u00fanica.<\/p>\n<p>&nbsp;<\/p>\n","protected":false},"excerpt":{"rendered":"<p>Empresa poder\u00e1 ser condenada a pagar indeniza\u00e7\u00e3o de R$ 300 mil A S\u00e9tima Turma do Tribunal Superior do Trabalho (TST) deve julgar nesta quarta-feira (2) o recurso ao pedido de indeniza\u00e7\u00e3o por danos morais e materiais \u00e0 fam\u00edlia de um t\u00e9cnico de opera\u00e7\u00f5es da Petrobras, que morreu ap\u00f3s ter 70% do corpo queimado em um acidente de trabalho. A empresa [&hellip;]<\/p>\n","protected":false},"author":27,"featured_media":0,"comment_status":"open","ping_status":"closed","sticky":false,"template":"","format":"standard","meta":{"footnotes":""},"categories":[2719],"tags":[2267,6307,2089,1859,4450,4875,1341,7269,482,2090,7885,4433,201,7886,261,7887,503],"class_list":["post-6205","post","type-post","status-publish","format-standard","hentry","category-servidor","tag-acidente","tag-corpo","tag-danos","tag-decide","tag-falhas","tag-familiares","tag-funcionarios","tag-indenizacoes","tag-materiais","tag-morais","tag-morreu","tag-operacionais","tag-petrobras","tag-queimado","tag-trabalho","tag-trt-so","tag-tst"],"_links":{"self":[{"href":"https:\/\/blogs.correiobraziliense.com.br\/servidor\/wp-json\/wp\/v2\/posts\/6205","targetHints":{"allow":["GET"]}}],"collection":[{"href":"https:\/\/blogs.correiobraziliense.com.br\/servidor\/wp-json\/wp\/v2\/posts"}],"about":[{"href":"https:\/\/blogs.correiobraziliense.com.br\/servidor\/wp-json\/wp\/v2\/types\/post"}],"author":[{"embeddable":true,"href":"https:\/\/blogs.correiobraziliense.com.br\/servidor\/wp-json\/wp\/v2\/users\/27"}],"replies":[{"embeddable":true,"href":"https:\/\/blogs.correiobraziliense.com.br\/servidor\/wp-json\/wp\/v2\/comments?post=6205"}],"version-history":[{"count":1,"href":"https:\/\/blogs.correiobraziliense.com.br\/servidor\/wp-json\/wp\/v2\/posts\/6205\/revisions"}],"predecessor-version":[{"id":6206,"href":"https:\/\/blogs.correiobraziliense.com.br\/servidor\/wp-json\/wp\/v2\/posts\/6205\/revisions\/6206"}],"wp:attachment":[{"href":"https:\/\/blogs.correiobraziliense.com.br\/servidor\/wp-json\/wp\/v2\/media?parent=6205"}],"wp:term":[{"taxonomy":"category","embeddable":true,"href":"https:\/\/blogs.correiobraziliense.com.br\/servidor\/wp-json\/wp\/v2\/categories?post=6205"},{"taxonomy":"post_tag","embeddable":true,"href":"https:\/\/blogs.correiobraziliense.com.br\/servidor\/wp-json\/wp\/v2\/tags?post=6205"}],"curies":[{"name":"wp","href":"https:\/\/api.w.org\/{rel}","templated":true}]}}