{"id":6203,"date":"2017-08-02T14:38:49","date_gmt":"2017-08-02T17:38:49","guid":{"rendered":"https:\/\/blogs.correiobraziliense.com.br\/servidor\/?p=6203"},"modified":"2017-08-02T14:38:49","modified_gmt":"2017-08-02T17:38:49","slug":"justica-do-df-afasta-incidencia-de-icms-em-conta-de-energia-eletrica-de-associados-da-adcap-brasilia","status":"publish","type":"post","link":"https:\/\/blogs.correiobraziliense.com.br\/servidor\/justica-do-df-afasta-incidencia-de-icms-em-conta-de-energia-eletrica-de-associados-da-adcap-brasilia\/","title":{"rendered":"Justi\u00e7a do DF afasta incid\u00eancia de ICMS em conta de energia el\u00e9trica de associados da ADCAP Bras\u00edlia"},"content":{"rendered":"<p>O Tribunal de Justi\u00e7a do Distrito Federal (TJDFT), em decis\u00e3o liminar, suspendeu a cobran\u00e7a do ICMS sobre tarifas de uso do sistema de transmiss\u00e3o e distribui\u00e7\u00e3o da energia el\u00e9trica, beneficiando diretamente milhares de profissionais vinculados \u00e0 Associa\u00e7\u00e3o dos Profissionais do Correios em Bras\u00edlia (ADCAP\/DF).<\/p>\n<p>Na decis\u00e3o, o juiz Eduardo Branco Carnacchioni considerou a tributa\u00e7\u00e3o ilegal, j\u00e1 que o ICMS deve incidir sobre a energia el\u00e9trica, que \u00e9 a mercadoria envolvida nessa comercializa\u00e7\u00e3o, e n\u00e3o sobre tarifas pagas pelo servi\u00e7o de transmiss\u00e3o e distribui\u00e7\u00e3o de energia.<\/p>\n<p>&#8220;N\u00e3o h\u00e1 previs\u00e3o legal que respalde a tributa\u00e7\u00e3o, pois tais servi\u00e7os fazem parte das etapas anteriores ao fornecimento do produto&#8221;, disse.<\/p>\n<p>Para a advogada da associa\u00e7\u00e3o, Ana Carolina Osorio, do escrit\u00f3rio Osorio, Porto &amp; Batista, o juiz proferiu uma decis\u00e3o coerente com a jurisprud\u00eancia firmada pelas inst\u00e2ncias superiores.<\/p>\n<p>&#8220;O juiz, acertadamente, com amparo na jurisprud\u00eancia firme do Superior Tribunal de Justi\u00e7a, afastou a exigibilidade do ICMS sobre as tarifas de distribui\u00e7\u00e3o e transmiss\u00e3o de energia el\u00e9trica, pois as mesmas n\u00e3o ostentam a qualidade de mercadoria, o que as deixa \u00e0 margem do fato gerador que incide sobre essa opera\u00e7\u00e3o\u201d<\/p>\n<p>A decis\u00e3o foi encaminhada \u00e0 Companhia Energ\u00e9tica de Bras\u00edlia (CEB), que ter\u00e1 que suspender a cobran\u00e7a de ICMS sobre as referidas tarifas, que integram o valor total da conta de luz dos associados da ADCAP.<\/p>\n","protected":false},"excerpt":{"rendered":"<p>O Tribunal de Justi\u00e7a do Distrito Federal (TJDFT), em decis\u00e3o liminar, suspendeu a cobran\u00e7a do ICMS sobre tarifas de uso do sistema de transmiss\u00e3o e distribui\u00e7\u00e3o da energia el\u00e9trica, beneficiando diretamente milhares de profissionais vinculados \u00e0 Associa\u00e7\u00e3o dos Profissionais do Correios em Bras\u00edlia (ADCAP\/DF). Na decis\u00e3o, o juiz Eduardo Branco Carnacchioni considerou a tributa\u00e7\u00e3o ilegal, j\u00e1 que o ICMS deve [&hellip;]<\/p>\n","protected":false},"author":27,"featured_media":0,"comment_status":"open","ping_status":"closed","sticky":false,"template":"","format":"standard","meta":{"footnotes":""},"categories":[2719],"tags":[7884,979,867,5054,956,5461,1638,3534,4058,1792,1125,1075,212,7883,5961,1310,4817],"class_list":["post-6203","post","type-post","status-publish","format-standard","hentry","category-servidor","tag-adcpdf","tag-associados","tag-brasilia","tag-ceb","tag-cobranca","tag-comercializacao","tag-conta","tag-distribuicao","tag-eletrica","tag-energia","tag-icms","tag-profissionais","tag-servico","tag-suspendeu","tag-tarifas","tag-tjdft","tag-transmissao"],"_links":{"self":[{"href":"https:\/\/blogs.correiobraziliense.com.br\/servidor\/wp-json\/wp\/v2\/posts\/6203","targetHints":{"allow":["GET"]}}],"collection":[{"href":"https:\/\/blogs.correiobraziliense.com.br\/servidor\/wp-json\/wp\/v2\/posts"}],"about":[{"href":"https:\/\/blogs.correiobraziliense.com.br\/servidor\/wp-json\/wp\/v2\/types\/post"}],"author":[{"embeddable":true,"href":"https:\/\/blogs.correiobraziliense.com.br\/servidor\/wp-json\/wp\/v2\/users\/27"}],"replies":[{"embeddable":true,"href":"https:\/\/blogs.correiobraziliense.com.br\/servidor\/wp-json\/wp\/v2\/comments?post=6203"}],"version-history":[{"count":1,"href":"https:\/\/blogs.correiobraziliense.com.br\/servidor\/wp-json\/wp\/v2\/posts\/6203\/revisions"}],"predecessor-version":[{"id":6204,"href":"https:\/\/blogs.correiobraziliense.com.br\/servidor\/wp-json\/wp\/v2\/posts\/6203\/revisions\/6204"}],"wp:attachment":[{"href":"https:\/\/blogs.correiobraziliense.com.br\/servidor\/wp-json\/wp\/v2\/media?parent=6203"}],"wp:term":[{"taxonomy":"category","embeddable":true,"href":"https:\/\/blogs.correiobraziliense.com.br\/servidor\/wp-json\/wp\/v2\/categories?post=6203"},{"taxonomy":"post_tag","embeddable":true,"href":"https:\/\/blogs.correiobraziliense.com.br\/servidor\/wp-json\/wp\/v2\/tags?post=6203"}],"curies":[{"name":"wp","href":"https:\/\/api.w.org\/{rel}","templated":true}]}}