{"id":6184,"date":"2017-07-31T21:16:28","date_gmt":"2017-08-01T00:16:28","guid":{"rendered":"https:\/\/blogs.correiobraziliense.com.br\/servidor\/?p=6184"},"modified":"2017-07-31T21:16:28","modified_gmt":"2017-08-01T00:16:28","slug":"nomeacoes-para-diretoria-executiva-da-petrobras-distribuidora-br","status":"publish","type":"post","link":"https:\/\/blogs.correiobraziliense.com.br\/servidor\/nomeacoes-para-diretoria-executiva-da-petrobras-distribuidora-br\/","title":{"rendered":"Nomea\u00e7\u00f5es para Diretoria Executiva da Petrobras Distribuidora (BR)"},"content":{"rendered":"<p><em>A Petrobras informa que o Conselho de Administra\u00e7\u00e3o de sua subsidi\u00e1ria integral Petrobras Distribuidora S.A. (BR) aprovou, hoje, a recondu\u00e7\u00e3o de Ivan de S\u00e1 Pereira J\u00fanior para o cargo de presidente da BR, para um mandato de dois anos<\/em><\/p>\n<p>O Conselho de Administra\u00e7\u00e3o tamb\u00e9m aprovou a elei\u00e7\u00e3o de Marcelo Fernandes Bragan\u00e7a para diretor executivo da Rede de Postos, Antonio Carlos Alves Caldeira, para diretor executivo de Opera\u00e7\u00e3o e Log\u00edstica, e Gustavo Henrique Braga Couto, para o cargo de diretor executivo de Mercado Consumidor, para um mandato de dois anos, a partir de 31 de julho de 2017.<\/p>\n<p>Ivan de S\u00e1 Pereira J\u00fanior \u00e9 engenheiro mec\u00e2nico, com curso de especializa\u00e7\u00e3o em engenharia de produ\u00e7\u00e3o pela PUC\/RJ. \u00c9 empregado da Petrobras desde 1985, j\u00e1 tendo ocupado diversas posi\u00e7\u00f5es gerenciais e de diretoria no Sistema Petrobras.<\/p>\n<p>Marcelo Fernandes Bragan\u00e7a \u00e9 engenheiro e empregado da BR desde 1998, j\u00e1 tendo ocupado as fun\u00e7\u00f5es de diretor comercial e presidente executivo, respectivamente, na Brasil Supply S.A. e Brasil Supply de Venezuela C.A. e diretor de opera\u00e7\u00e3o e log\u00edstica na BR.<\/p>\n<p>Antonio Carlos Alves Caldeira \u00e9 engenheiro, com especializa\u00e7\u00e3o em marketing pela ESPM\/SP e MBA pela FEA-USP. \u00c9 empregado da Petrobras desde 1982, j\u00e1 tendo ocupado diversas posi\u00e7\u00f5es gerenciais, al\u00e9m de diretor executivo de Mercado Consumidor na BR.<\/p>\n<p>Gustavo Henrique Braga Couto \u00e9 engenheiro civil e p\u00f3s-graduado em marketing pela ESPM e MBA em gest\u00e3o de neg\u00f3cios pela Funda\u00e7\u00e3o Dom Cabral\/MG. Exerceu diversas posi\u00e7\u00f5es tais como diretor de Supply Chain na Companhia Sider\u00fargica Nacional (CSN), diretor de Supply Chain e TI na empresa Suzano Papel e Celulose e gerente de Marketing Grandes Consumidores e Planejamento na empresa Shell do Brasil S.A. Ocupava a posi\u00e7\u00e3o de COO (Country Operations Officer) na\u00a0 empresa Swissport Brasil, de onde se desligou para assumir a posi\u00e7\u00e3o na BR.<\/p>\n<p>O presidente Ivan de S\u00e1 Pereira J\u00fanior permanece, interinamente, como diretor executivo administrativo-financeiro, at\u00e9 que um novo nome seja eleito e aprovado pelo Conselho de Administra\u00e7\u00e3o da BR.<\/p>\n<p>Todos os nomes foram objeto de pr\u00e9via an\u00e1lise pelo Comit\u00ea de Indica\u00e7\u00e3o, Remunera\u00e7\u00e3o e Sucess\u00e3o do Conselho de Administra\u00e7\u00e3o da Petrobras.<\/p>\n","protected":false},"excerpt":{"rendered":"<p>A Petrobras informa que o Conselho de Administra\u00e7\u00e3o de sua subsidi\u00e1ria integral Petrobras Distribuidora S.A. (BR) aprovou, hoje, a recondu\u00e7\u00e3o de Ivan de S\u00e1 Pereira J\u00fanior para o cargo de presidente da BR, para um mandato de dois anos O Conselho de Administra\u00e7\u00e3o tamb\u00e9m aprovou a elei\u00e7\u00e3o de Marcelo Fernandes Bragan\u00e7a para diretor executivo da Rede de Postos, Antonio Carlos [&hellip;]<\/p>\n","protected":false},"author":27,"featured_media":0,"comment_status":"open","ping_status":"closed","sticky":false,"template":"","format":"standard","meta":{"footnotes":""},"categories":[2719],"tags":[7016,7847,7849,7850,4337,109,315,7848,5026,7851,489,3472,122,7846,6823,830,2372],"class_list":["post-6184","post","type-post","status-publish","format-standard","hentry","category-servidor","tag-administrativo","tag-br","tag-concumidor","tag-engenheiro","tag-especializacao","tag-executiva","tag-gestao","tag-loogistica","tag-mandato","tag-mecanico","tag-mercado","tag-negocios","tag-nomeacoes","tag-para-diretoria","tag-petrobras-distribuidora","tag-postos","tag-producao"],"_links":{"self":[{"href":"https:\/\/blogs.correiobraziliense.com.br\/servidor\/wp-json\/wp\/v2\/posts\/6184","targetHints":{"allow":["GET"]}}],"collection":[{"href":"https:\/\/blogs.correiobraziliense.com.br\/servidor\/wp-json\/wp\/v2\/posts"}],"about":[{"href":"https:\/\/blogs.correiobraziliense.com.br\/servidor\/wp-json\/wp\/v2\/types\/post"}],"author":[{"embeddable":true,"href":"https:\/\/blogs.correiobraziliense.com.br\/servidor\/wp-json\/wp\/v2\/users\/27"}],"replies":[{"embeddable":true,"href":"https:\/\/blogs.correiobraziliense.com.br\/servidor\/wp-json\/wp\/v2\/comments?post=6184"}],"version-history":[{"count":1,"href":"https:\/\/blogs.correiobraziliense.com.br\/servidor\/wp-json\/wp\/v2\/posts\/6184\/revisions"}],"predecessor-version":[{"id":6185,"href":"https:\/\/blogs.correiobraziliense.com.br\/servidor\/wp-json\/wp\/v2\/posts\/6184\/revisions\/6185"}],"wp:attachment":[{"href":"https:\/\/blogs.correiobraziliense.com.br\/servidor\/wp-json\/wp\/v2\/media?parent=6184"}],"wp:term":[{"taxonomy":"category","embeddable":true,"href":"https:\/\/blogs.correiobraziliense.com.br\/servidor\/wp-json\/wp\/v2\/categories?post=6184"},{"taxonomy":"post_tag","embeddable":true,"href":"https:\/\/blogs.correiobraziliense.com.br\/servidor\/wp-json\/wp\/v2\/tags?post=6184"}],"curies":[{"name":"wp","href":"https:\/\/api.w.org\/{rel}","templated":true}]}}