{"id":6176,"date":"2017-07-31T14:37:58","date_gmt":"2017-07-31T17:37:58","guid":{"rendered":"https:\/\/blogs.correiobraziliense.com.br\/servidor\/?p=6176"},"modified":"2017-07-31T14:37:58","modified_gmt":"2017-07-31T17:37:58","slug":"custeio-administrativo-teve-reducao-real-de-72-no-primeiro-semestre","status":"publish","type":"post","link":"https:\/\/blogs.correiobraziliense.com.br\/servidor\/custeio-administrativo-teve-reducao-real-de-72-no-primeiro-semestre\/","title":{"rendered":"Custeio administrativo teve redu\u00e7\u00e3o real de 7,2% no primeiro semestre"},"content":{"rendered":"<p><em>Em valores nominais, a queda foi de 3,6% no mesmo per\u00edodo<\/em><\/p>\n<p>No primeiro semestre de 2017, as despesas de custeio administrativo do governo federal somaram R$ 9,966 bilh\u00f5es, informou o Minist\u00e9rio do Planejamento. Na compara\u00e7\u00e3o com o mesmo per\u00edodo do ano passado, houve redu\u00e7\u00e3o real (descontado o IPCA) de 7,2%. Em valores nominais, as despesas tiveram queda de 3,6% em rela\u00e7\u00e3o aos seis primeiros meses de 2016. Os dados constam do <a href=\"http:\/\/www.planejamento.gov.br\/servicos\/central-de-conteudos\/boletim-de-custeio-administrativo\/boletim-de-custeio-administrativo\"> Boletim de Custeio Administrativo,<\/a> publicado nesta segunda-feira (31) pela Secretaria de Or\u00e7amento Federal (SOF) do Minist\u00e9rio do Planejamento, Desenvolvimento e Gest\u00e3o (MP).<\/p>\n<p>\u201cA redu\u00e7\u00e3o do custeio administrativo \u00e9 fruto do esfor\u00e7o do governo federal na busca da otimiza\u00e7\u00e3o do gasto p\u00fablico, direcionando o espa\u00e7o fiscal dispon\u00edvel para as despesas final\u00edsticas. \u00c9 meta dessa secretaria continuar contribuindo para a tarefa de reduzir o custo da m\u00e1quina p\u00fablica\u201d, disse o secret\u00e1rio de Or\u00e7amento Federal, George Soares.<\/p>\n<p>A publica\u00e7\u00e3o detalha as despesas em oito grupos. Na compara\u00e7\u00e3o semestral, houve quedas reais mais acentuadas nos grupos de material de consumo (-17,3%) e de energia e \u00e1gua (-17,3%, igualmente). Tamb\u00e9m tiveram redu\u00e7\u00f5es reais os itens de servi\u00e7os de apoio (-5,2%), comunica\u00e7\u00e3o e processamento de dados (-8%), loca\u00e7\u00e3o e conserva\u00e7\u00e3o de bens im\u00f3veis (-4,8%), loca\u00e7\u00e3o e conserva\u00e7\u00e3o de bens m\u00f3veis (-13,8%).<\/p>\n<p>Tamb\u00e9m na compara\u00e7\u00e3o semestral, os grupos de di\u00e1rias e passagens (2,1%) e de outros servi\u00e7os (13%) registraram aumentos.\u00a0 Entretanto, o secret\u00e1rio de Gest\u00e3o\u00a0do MP, Gleisson Rubin, ressalta que, no acumulado dos \u00faltimos 12 meses, houve redu\u00e7\u00e3o de 13,94% nos gastos com passagens em rela\u00e7\u00e3o ao mesmo per\u00edodo encerrado em junho de 2016.<\/p>\n<p>\u201cCom a implanta\u00e7\u00e3o de projetos como o Sistema Eletr\u00f4nico de Informa\u00e7\u00e3o e o T\u00e1xiGov, a expectativa \u00e9 de que as despesas administrativas sejam gradativamente reduzidas devido \u00e0 utiliza\u00e7\u00e3o de insumos e metodologias inovadoras na gest\u00e3o administrativa. Certamente, outros projetos que est\u00e3o em fase de constru\u00e7\u00e3o como a Plataforma de Cidadania Digital, e o Painel de Pre\u00e7os do Governo Federal que j\u00e1 est\u00e1 em opera\u00e7\u00e3o desde junho, ter\u00e3o papel importante na redu\u00e7\u00e3o do custeio administrativo nos pr\u00f3ximos per\u00edodos\u201d, disse Rubin.<\/p>\n<p>Em rela\u00e7\u00e3o ao quantitativo total dos gastos, os servi\u00e7os de apoio corresponderam a 48% das despesas de custeio administrativo contabilizadas no per\u00edodo, com R$ 4,783 bilh\u00f5es. Em seguida, est\u00e3o comunica\u00e7\u00e3o e processamento de dados (10%), com R$ 1,022 bilh\u00e3o, energia el\u00e9trica e \u00e1gua (9%), com R$ 902,8 milh\u00f5es, material de consumo (9%), com R$ 889,5 milh\u00f5es, loca\u00e7\u00e3o e conserva\u00e7\u00e3o de bens im\u00f3veis (8%), com R$ 809,2 milh\u00f5es, di\u00e1rias e passagens (6%), com R$ 567,7 milh\u00f5es, outros servi\u00e7os (5%), com R$ 526,2 milh\u00f5es, e loca\u00e7\u00e3o de bens m\u00f3veis (5%), com R$ 471,9 milh\u00f5es.<\/p>\n<p>J\u00e1 nos 12 meses encerrados em de junho de 2017,\u00a0os gastos totais de custeio totalizaram R$ 34,505 bilh\u00f5es, com redu\u00e7\u00e3o em termos reais de 4,6% em rela\u00e7\u00e3o aos 12 meses anteriores.<\/p>\n<p>O Boletim de Custeio Administrativo tem por objetivo dar transpar\u00eancia \u00e0s a\u00e7\u00f5es do governo e auxiliar no controle das despesas da Administra\u00e7\u00e3o P\u00fablica Federal. A publica\u00e7\u00e3o \u00e9 trimestral com atualiza\u00e7\u00f5es mensais das informa\u00e7\u00f5es.<\/p>\n","protected":false},"excerpt":{"rendered":"<p>Em valores nominais, a queda foi de 3,6% no mesmo per\u00edodo No primeiro semestre de 2017, as despesas de custeio administrativo do governo federal somaram R$ 9,966 bilh\u00f5es, informou o Minist\u00e9rio do Planejamento. Na compara\u00e7\u00e3o com o mesmo per\u00edodo do ano passado, houve redu\u00e7\u00e3o real (descontado o IPCA) de 7,2%. Em valores nominais, as despesas tiveram queda de 3,6% em [&hellip;]<\/p>\n","protected":false},"author":27,"featured_media":0,"comment_status":"open","ping_status":"closed","sticky":false,"template":"","format":"standard","meta":{"footnotes":""},"categories":[2719],"tags":[7016,7819,207,236,235,124,67,1635,7823,98,5204,636,7820,1889,7822,141,7818,7528,1733,241,239,325,6290,3057,7821,1808],"class_list":["post-6176","post","type-post","status-publish","format-standard","hentry","category-servidor","tag-administrativo","tag-boletim-de-custeio-administrativo","tag-controle","tag-custeio","tag-despesas","tag-federal","tag-fiscal","tag-gasto","tag-gesao","tag-governo","tag-grupos","tag-ipca","tag-maquna","tag-meta","tag-metodologias","tag-ministerio-do-planejamento","tag-nominais","tag-otimizacao","tag-publicacao","tag-publico","tag-real","tag-reducao","tag-semestral","tag-sof","tag-taxigov","tag-valores"],"_links":{"self":[{"href":"https:\/\/blogs.correiobraziliense.com.br\/servidor\/wp-json\/wp\/v2\/posts\/6176","targetHints":{"allow":["GET"]}}],"collection":[{"href":"https:\/\/blogs.correiobraziliense.com.br\/servidor\/wp-json\/wp\/v2\/posts"}],"about":[{"href":"https:\/\/blogs.correiobraziliense.com.br\/servidor\/wp-json\/wp\/v2\/types\/post"}],"author":[{"embeddable":true,"href":"https:\/\/blogs.correiobraziliense.com.br\/servidor\/wp-json\/wp\/v2\/users\/27"}],"replies":[{"embeddable":true,"href":"https:\/\/blogs.correiobraziliense.com.br\/servidor\/wp-json\/wp\/v2\/comments?post=6176"}],"version-history":[{"count":1,"href":"https:\/\/blogs.correiobraziliense.com.br\/servidor\/wp-json\/wp\/v2\/posts\/6176\/revisions"}],"predecessor-version":[{"id":6177,"href":"https:\/\/blogs.correiobraziliense.com.br\/servidor\/wp-json\/wp\/v2\/posts\/6176\/revisions\/6177"}],"wp:attachment":[{"href":"https:\/\/blogs.correiobraziliense.com.br\/servidor\/wp-json\/wp\/v2\/media?parent=6176"}],"wp:term":[{"taxonomy":"category","embeddable":true,"href":"https:\/\/blogs.correiobraziliense.com.br\/servidor\/wp-json\/wp\/v2\/categories?post=6176"},{"taxonomy":"post_tag","embeddable":true,"href":"https:\/\/blogs.correiobraziliense.com.br\/servidor\/wp-json\/wp\/v2\/tags?post=6176"}],"curies":[{"name":"wp","href":"https:\/\/api.w.org\/{rel}","templated":true}]}}