{"id":6173,"date":"2017-07-31T13:49:48","date_gmt":"2017-07-31T16:49:48","guid":{"rendered":"https:\/\/blogs.correiobraziliense.com.br\/servidor\/?p=6173"},"modified":"2017-08-02T19:21:26","modified_gmt":"2017-08-02T22:21:26","slug":"adunb-vai-inaugurar-tesourometro-em-brasilia","status":"publish","type":"post","link":"https:\/\/blogs.correiobraziliense.com.br\/servidor\/adunb-vai-inaugurar-tesourometro-em-brasilia\/","title":{"rendered":"ADUnB vai inaugurar Tesour\u00f4metro em Bras\u00edlia"},"content":{"rendered":"<p dir=\"ltr\"><strong>NOVA DATA: 9 DE AGOSTO<\/strong><\/p>\n<p dir=\"ltr\"><strong>EVENTO<\/strong><\/p>\n<p dir=\"ltr\">Onde: Audit\u00f3rio do Centro Cultural da ADUnB, Campus Universit\u00e1rio Darcy Ribeiro<\/p>\n<p dir=\"ltr\">Quando: 09 de agosto, \u00e0s 17h<\/p>\n<p dir=\"ltr\">Mais informa\u00e7\u00f5es:<a href=\"http:\/\/www.conhecimentosemcortes.org.br\/\" target=\"_blank\"> www.conhecimentosemcortes.org.br<\/a><\/p>\n<p dir=\"ltr\">\n<p dir=\"ltr\"><em>A\u00e7\u00e3o faz parte da campanha nacional Conhecimento sem Cortes. C\u00e1lculos do economista Carlos Frederico Le\u00e3o Rocha, da UFRJ, apontam que os cortes deste ano ser\u00e3o de R$ 4,3 bilh\u00f5es. Perda de quase R$ 12 milh\u00f5es por dia, R$ 500 mil por hora ou mais de R$ 8 mil por minuto. As redu\u00e7\u00f5es significam menos 50% do financiamento na produ\u00e7\u00e3o de conhecimento em dois anos<\/em><\/p>\n<p dir=\"ltr\">A Associa\u00e7\u00e3o dos Docentes da Universidade de Bras\u00edlia (ADUnB) vai inaugurar no dia 11 de agosto o Tesour\u00f4metro. O painel eletr\u00f4nico mostra, minuto a minuto, o impacto em reais dos cortes de financiamento federal para as \u00e1reas da ci\u00eancia, tecnologia e humanidades desde 2015, tendo como refer\u00eancia o or\u00e7amento federal aprovado para aquele ano.<\/p>\n<p dir=\"ltr\">O evento ocorrer\u00e1 na sede da ADUnB, \u00e0s 17h, com abertura de mesa sobre o tema e contar\u00e1 com representantes da ADUFRJ, APUBH, SBPC e ABC.<\/p>\n<p dir=\"ltr\">De acordo com os c\u00e1lculos realizados pelo economista Carlos Frederico Le\u00e3o Rocha, professor do Instituto de Economia da UFRJ, os cortes deste ano ser\u00e3o de R$ 4,3 bilh\u00f5es. Esse n\u00famero significa uma perda de quase R$ 12 milh\u00f5es por dia, R$ 500 mil por hora ou mais de R$ 8 mil por minuto. Essas redu\u00e7\u00f5es significam uma perda de cerca de 50% do total de financiamento para a produ\u00e7\u00e3o de conhecimento nesses dois anos.<\/p>\n<p dir=\"ltr\"><strong>ONDE FICA?<\/strong><\/p>\n<p dir=\"ltr\">O Tesour\u00f4metro estar\u00e1 exposto na 608 Sul, no Plano Piloto, a partir do dia 11 de agosto a 9 de outubro.<\/p>\n<p dir=\"ltr\">Al\u00e9m do tesour\u00f4metro no Distrito Federal, h\u00e1 outros dois no Brasil: o primeiro na UFRJ &#8211; Universidade Federal do Rio de Janeiro, campus da Praia Vermelha; e o segundo na UFMG &#8211; Universidade Federal de Minas Gerais, campus da Pampulha.<\/p>\n<p dir=\"ltr\"><strong>CAMPANHA<\/strong><\/p>\n<p dir=\"ltr\">A a\u00e7\u00e3o faz parte da campanha Conhecimento Sem Cortes, uma mobiliza\u00e7\u00e3o dos professores universit\u00e1rios, cientistas, estudantes, pesquisadores e t\u00e9cnicos em oposi\u00e7\u00e3o \u00e0 redu\u00e7\u00e3o dos investimentos federais nas \u00e1reas de ci\u00eancia, tecnologia e humanidades e ao sucateamento das universidades p\u00fablicas e dos institutos de pesquisa no Brasil.<\/p>\n<p dir=\"ltr\">O objetivo da campanha \u00e9 monitorar e denunciar os cortes de or\u00e7amento e suas consequ\u00eancias negativas para a sociedade brasileira, al\u00e9m de sensibilizar a popula\u00e7\u00e3o para o que se produz nas universidades e nos institutos de pesquisa.<\/p>\n<p dir=\"ltr\">As primeiras articula\u00e7\u00f5es da campanha se deram com a organiza\u00e7\u00e3o das atividades da Marcha da Ci\u00eancia, movimento internacional que aqui no Brasil contou com a participa\u00e7\u00e3o das comunidades cient\u00edficas de mais de 20 cidades.<\/p>\n<p dir=\"ltr\">A campanha Conhecimento Sem Cortes \u00e9 uma realiza\u00e7\u00e3o: ADUFRJ, <a href=\"https:\/\/www.facebook.com\/adunboficial\/?fref=mentions\" target=\"_blank\">ADUnB<\/a><a href=\"https:\/\/www.facebook.com\/hashtag\/apubh?source=feed_text&amp;story_id=941498825991430\" target=\"_blank\">, SBPC, APUBH<\/a>, <a href=\"https:\/\/www.facebook.com\/hashtag\/sintifrj?source=feed_text&amp;story_id=941498825991430\" target=\"_blank\">SINTIFRJ<\/a>, ASFOC &#8211; Sindicato Nacional, <a href=\"https:\/\/www.facebook.com\/dce.ufrj\/?fref=mentions\" target=\"_blank\">DCE UFRJ M\u00e1rio Prata<\/a>, <a href=\"https:\/\/www.facebook.com\/hashtag\/apgufrj?source=feed_text&amp;story_id=941498825991430\" target=\"_blank\">APGUFRJ<\/a>, <a href=\"https:\/\/www.facebook.com\/hashtag\/anpesq?source=feed_text&amp;story_id=941498825991430\" target=\"_blank\">ANPESQ<\/a> e <a href=\"https:\/\/www.facebook.com\/anpgbrasil2\/?fref=mentions\" target=\"_blank\">ANPG Brasil<\/a>.<\/p>\n<p dir=\"ltr\">Participe da campanha assinando a <a href=\"http:\/\/www.conhecimentosemcortes.org.br\/peticao\/\" target=\"_blank\">peti\u00e7\u00e3o<\/a>, compartilhando conte\u00fados pelas redes sociais e acompanhando os eventos e o <a href=\"http:\/\/www.conhecimentosemcortes.org.br\/\" target=\"_blank\">tesour\u00f4metro<\/a>.<\/p>\n<p dir=\"ltr\"><strong>EVENTO<\/strong><\/p>\n<p dir=\"ltr\">Onde: Audit\u00f3rio do Centro Cultural da ADUnB, Campus Universit\u00e1rio Darcy Ribeiro<\/p>\n<p dir=\"ltr\">Quando: 11 de agosto, \u00e0s 17h<\/p>\n<p dir=\"ltr\">Mais informa\u00e7\u00f5es:<a href=\"http:\/\/www.conhecimentosemcortes.org.br\/\" target=\"_blank\"> www.conhecimentosemcortes.org.br<\/a><\/p>\n<p>&nbsp;<\/p>\n","protected":false},"excerpt":{"rendered":"<p>NOVA DATA: 9 DE AGOSTO EVENTO Onde: Audit\u00f3rio do Centro Cultural da ADUnB, Campus Universit\u00e1rio Darcy Ribeiro Quando: 09 de agosto, \u00e0s 17h Mais informa\u00e7\u00f5es: www.conhecimentosemcortes.org.br A\u00e7\u00e3o faz parte da campanha nacional Conhecimento sem Cortes. C\u00e1lculos do economista Carlos Frederico Le\u00e3o Rocha, da UFRJ, apontam que os cortes deste ano ser\u00e3o de R$ 4,3 bilh\u00f5es. Perda de quase R$ 12 [&hellip;]<\/p>\n","protected":false},"author":27,"featured_media":0,"comment_status":"open","ping_status":"closed","sticky":false,"template":"","format":"standard","meta":{"footnotes":""},"categories":[2719],"tags":[7813,7810,7805,7811,960,867,305,5332,7815,7807,4305,7817,1449,1790,1163,124,3362,7809,7808,6729,70,3424,318,275,7816,7814,2372,2976,1633,325,7812,7127,2781,4504,7806,3734,6012,5233],"class_list":["post-6173","post","type-post","status-publish","format-standard","hentry","category-servidor","tag-abc","tag-adufrj","tag-adunb","tag-apubh","tag-bilhoes","tag-brasilia","tag-campanha","tag-ciencia","tag-cientistas","tag-conhecimento-sem-cortes","tag-consequencias","tag-denunciara","tag-docentes","tag-eletronico","tag-estudantes","tag-federal","tag-financiamento","tag-humanidades","tag-impacot","tag-institutos","tag-nacional","tag-oposicao","tag-orcamento","tag-painel","tag-pesquisadores","tag-plano-piloto","tag-producao","tag-professores","tag-publicas","tag-reducao","tag-sbpc","tag-sucateamento","tag-tecnicos","tag-tecnologia","tag-tesourometro","tag-ufrj","tag-universidades","tag-universitarios"],"_links":{"self":[{"href":"https:\/\/blogs.correiobraziliense.com.br\/servidor\/wp-json\/wp\/v2\/posts\/6173","targetHints":{"allow":["GET"]}}],"collection":[{"href":"https:\/\/blogs.correiobraziliense.com.br\/servidor\/wp-json\/wp\/v2\/posts"}],"about":[{"href":"https:\/\/blogs.correiobraziliense.com.br\/servidor\/wp-json\/wp\/v2\/types\/post"}],"author":[{"embeddable":true,"href":"https:\/\/blogs.correiobraziliense.com.br\/servidor\/wp-json\/wp\/v2\/users\/27"}],"replies":[{"embeddable":true,"href":"https:\/\/blogs.correiobraziliense.com.br\/servidor\/wp-json\/wp\/v2\/comments?post=6173"}],"version-history":[{"count":4,"href":"https:\/\/blogs.correiobraziliense.com.br\/servidor\/wp-json\/wp\/v2\/posts\/6173\/revisions"}],"predecessor-version":[{"id":6224,"href":"https:\/\/blogs.correiobraziliense.com.br\/servidor\/wp-json\/wp\/v2\/posts\/6173\/revisions\/6224"}],"wp:attachment":[{"href":"https:\/\/blogs.correiobraziliense.com.br\/servidor\/wp-json\/wp\/v2\/media?parent=6173"}],"wp:term":[{"taxonomy":"category","embeddable":true,"href":"https:\/\/blogs.correiobraziliense.com.br\/servidor\/wp-json\/wp\/v2\/categories?post=6173"},{"taxonomy":"post_tag","embeddable":true,"href":"https:\/\/blogs.correiobraziliense.com.br\/servidor\/wp-json\/wp\/v2\/tags?post=6173"}],"curies":[{"name":"wp","href":"https:\/\/api.w.org\/{rel}","templated":true}]}}