{"id":6169,"date":"2017-07-28T17:15:34","date_gmt":"2017-07-28T20:15:34","guid":{"rendered":"https:\/\/blogs.correiobraziliense.com.br\/servidor\/?p=6169"},"modified":"2017-07-28T17:15:34","modified_gmt":"2017-07-28T20:15:34","slug":"61-organizacoes-pedem-janot-acao-contra-lei-da-grilagem","status":"publish","type":"post","link":"https:\/\/blogs.correiobraziliense.com.br\/servidor\/61-organizacoes-pedem-janot-acao-contra-lei-da-grilagem\/","title":{"rendered":"61 organiza\u00e7\u00f5es pedem a Janot a\u00e7\u00e3o contra Lei da Grilagem"},"content":{"rendered":"<p><i>Para grupo da sociedade civil, Lei 13.465, sancionada por Michel Temer em julho, promove &#8220;liquida\u00e7\u00e3o dos bens comuns&#8221;, estimula desmatamento e viol\u00eancia e precisa ser barrada por a\u00e7\u00e3o de inconstitucionalidade<\/i><\/p>\n<div>\n<p>Um conjunto de 61 organiza\u00e7\u00f5es e redes da sociedade civil pediu, nesta <span id=\"OBJ_PREFIX_DWT675_com_zimbra_date\" class=\"Object\">sexta<\/span>-feira (28), ao procurador-geral da Rep\u00fablica, Rodrigo Janot, que proponha uma A\u00e7\u00e3o Direta de Inconstitucionalidade contra a chamada Lei da Grilagem, sancionada no \u00faltimo dia 11 por Michel Temer.<\/p>\n<p>Segundo carta entregue \u00e0 PGR pelas organiza\u00e7\u00f5es, a Lei n<sup>o<\/sup> 13.465 (resultado da convers\u00e3o da Medida Provis\u00f3ria 759) \u201cpromove a privatiza\u00e7\u00e3o em massa e uma verdadeira liquida\u00e7\u00e3o dos bens comuns, impactando terras p\u00fablicas, florestas, \u00e1guas, e ilhas federais na Amaz\u00f4nia e Zona Costeira Brasileira\u201d.<\/p>\n<p>&#8220;O texto, assinado pelo presidente diante de uma plateia de parlamentares da bancada ruralista, concede anistia \u00e0 grilagem de terras ao permitir a regulariza\u00e7\u00e3o de ocupa\u00e7\u00f5es feitas at\u00e9 2011. N\u00e3o satisfeito, ainda premia os grileiros, ao fixar valores para a regulariza\u00e7\u00e3o que podem ser inferiores a 10% do valor de mercado das terras. Segundo c\u00e1lculos do Imazon (Instituto do Homem e Meio Ambiente da Amaz\u00f4nia), apenas na Amaz\u00f4nia esse subs\u00eddio ao crime fundi\u00e1rio pode chegar a R$ 19 bilh\u00f5es, segundo as organiza\u00e7\u00f5es.<\/p>\n<p>Mas o preju\u00edzo ao pa\u00eds n\u00e3o se limita a isso. Tamb\u00e9m ganham possibilidade de regulariza\u00e7\u00e3o grandes propriedades, de at\u00e9 2.500 hectares, que <span id=\"OBJ_PREFIX_DWT676_com_zimbra_date\" class=\"Object\">hoje<\/span> s\u00f3 podem ser regularizadas por licita\u00e7\u00e3o. \u201cEsta combina\u00e7\u00e3o de pre\u00e7os baixos, extens\u00e3o da \u00e1rea pass\u00edvel de regulariza\u00e7\u00e3o, mudan\u00e7a de marco temporal e anistia para grandes invasores vem historicamente estimulando a grilagem e fomentando novas invas\u00f5es, com a expectativa de que no futuro uma nova altera\u00e7\u00e3o legal ser\u00e1 feita para regularizar ocupa\u00e7\u00f5es mais recentes\u201d, afirmam as organiza\u00e7\u00f5es na carta a Janot. Com um agravante: pela nova lei, o cumprimento da legisla\u00e7\u00e3o ambiental n\u00e3o \u00e9 condicionante para a titula\u00e7\u00e3o, e h\u00e1 novas regras dificultando a retomada do im\u00f3vel pelo poder p\u00fablico em caso de descumprimento.<\/p>\n<p>A lei tamb\u00e9m faz estragos na zona urbana:\u00a0 al\u00e9m de dispensar de licenciamento ambiental os processos de regula\u00e7\u00e3o fundi\u00e1ria em cidades \u2013 o que pode consolidar ocupa\u00e7\u00f5es de zonas de manancial em cidades que j\u00e1 foram atingidas por crises h\u00eddricas, como Bras\u00edlia e S\u00e3o Paulo, tamb\u00e9m permite que governos locais legalizem com uma canetada invas\u00f5es de grandes especuladores urbanos feitas at\u00e9 2016.<\/p>\n<p>Leia a <span id=\"OBJ_PREFIX_DWT677_com_zimbra_url\" class=\"Object\"><a href=\"http:\/\/www.observatoriodoclima.eco.br\/carta-sobre-constitucionalidade-da-lei-13-465-mp-739\/\" target=\"_blank\">\u00edntegra da carta das organiza\u00e7\u00f5es<\/a><\/span> e conhe\u00e7a a lista de signat\u00e1rios.<\/p>\n<\/div>\n","protected":false},"excerpt":{"rendered":"<p>Para grupo da sociedade civil, Lei 13.465, sancionada por Michel Temer em julho, promove &#8220;liquida\u00e7\u00e3o dos bens comuns&#8221;, estimula desmatamento e viol\u00eancia e precisa ser barrada por a\u00e7\u00e3o de inconstitucionalidade Um conjunto de 61 organiza\u00e7\u00f5es e redes da sociedade civil pediu, nesta sexta-feira (28), ao procurador-geral da Rep\u00fablica, Rodrigo Janot, que proponha uma A\u00e7\u00e3o Direta de Inconstitucionalidade contra a chamada [&hellip;]<\/p>\n","protected":false},"author":27,"featured_media":0,"comment_status":"open","ping_status":"closed","sticky":false,"template":"","format":"standard","meta":{"footnotes":""},"categories":[2719],"tags":[176,5516,7793,6379,3415,7790,3416,7031,7792,7796,7794,573,7791,7789,3704,2520,2474,6381,4165,548,1001,1633,3627,7394,4421,4427,7795],"class_list":["post-6169","post","type-post","status-publish","format-standard","hentry","category-servidor","tag-acao","tag-adi","tag-aguas","tag-amazonia","tag-bens","tag-comuns","tag-crime","tag-desmatamento","tag-florestas","tag-fundiario","tag-ilhas","tag-inconstitucionalidade","tag-lei-13-46517","tag-lei-da-grilagem","tag-licitacao","tag-liquidacao","tag-michel-temer","tag-mp-759","tag-organizacoes","tag-pgr","tag-privatizacao","tag-publicas","tag-rodrigo-janot","tag-sancionada","tag-terras","tag-violencia","tag-zona-costeira-brasileira"],"_links":{"self":[{"href":"https:\/\/blogs.correiobraziliense.com.br\/servidor\/wp-json\/wp\/v2\/posts\/6169","targetHints":{"allow":["GET"]}}],"collection":[{"href":"https:\/\/blogs.correiobraziliense.com.br\/servidor\/wp-json\/wp\/v2\/posts"}],"about":[{"href":"https:\/\/blogs.correiobraziliense.com.br\/servidor\/wp-json\/wp\/v2\/types\/post"}],"author":[{"embeddable":true,"href":"https:\/\/blogs.correiobraziliense.com.br\/servidor\/wp-json\/wp\/v2\/users\/27"}],"replies":[{"embeddable":true,"href":"https:\/\/blogs.correiobraziliense.com.br\/servidor\/wp-json\/wp\/v2\/comments?post=6169"}],"version-history":[{"count":1,"href":"https:\/\/blogs.correiobraziliense.com.br\/servidor\/wp-json\/wp\/v2\/posts\/6169\/revisions"}],"predecessor-version":[{"id":6170,"href":"https:\/\/blogs.correiobraziliense.com.br\/servidor\/wp-json\/wp\/v2\/posts\/6169\/revisions\/6170"}],"wp:attachment":[{"href":"https:\/\/blogs.correiobraziliense.com.br\/servidor\/wp-json\/wp\/v2\/media?parent=6169"}],"wp:term":[{"taxonomy":"category","embeddable":true,"href":"https:\/\/blogs.correiobraziliense.com.br\/servidor\/wp-json\/wp\/v2\/categories?post=6169"},{"taxonomy":"post_tag","embeddable":true,"href":"https:\/\/blogs.correiobraziliense.com.br\/servidor\/wp-json\/wp\/v2\/tags?post=6169"}],"curies":[{"name":"wp","href":"https:\/\/api.w.org\/{rel}","templated":true}]}}