{"id":6167,"date":"2017-07-28T16:54:40","date_gmt":"2017-07-28T19:54:40","guid":{"rendered":"https:\/\/blogs.correiobraziliense.com.br\/servidor\/?p=6167"},"modified":"2017-07-28T16:54:40","modified_gmt":"2017-07-28T19:54:40","slug":"anpr-esclarece-proposta-orcamentaria-do-mpf-para-2018","status":"publish","type":"post","link":"https:\/\/blogs.correiobraziliense.com.br\/servidor\/anpr-esclarece-proposta-orcamentaria-do-mpf-para-2018\/","title":{"rendered":"ANPR esclarece Proposta Or\u00e7ament\u00e1ria do MPF para 2018"},"content":{"rendered":"<p><em>A Associa\u00e7\u00e3o Nacional dos Procuradores da Rep\u00fablica (ANPR) garante que o reajuste dos subs\u00eddios da classe n\u00e3o vai aumentar o gasto p\u00fablico. &#8220;O impacto or\u00e7ament\u00e1rio ser\u00e1 0 (zero), haja vista que verbas ser\u00e3o remanejadas internamente&#8221;, explicou a entidade<\/em><\/p>\n<p>Veja a nota:<\/p>\n<p>&#8220;A Associa\u00e7\u00e3o Nacional dos Procuradores da Rep\u00fablica vem a p\u00fablico esclarecer quest\u00f5es relacionadas \u00e0 inclus\u00e3o do reajuste dos subs\u00eddios na Proposta Or\u00e7ament\u00e1ria para 2018 do Minist\u00e9rio P\u00fablico Federal, aprovada na ter\u00e7a-feira, 25, pelo Conselho Superior da institui\u00e7\u00e3o:<\/p>\n<p>1. Os valores para este reajuste estar\u00e3o dentro do limite do teto estipulado pela Emenda Constitucional n\u00ba 95. Isso significa que n\u00e3o haver\u00e1 qualquer crescimento de gasto p\u00fablico, al\u00e9m do j\u00e1 previsto e autorizado pela pol\u00edtica econ\u00f4mica austera do governo. O impacto or\u00e7ament\u00e1rio ser\u00e1 0 (zero), haja vista que verbas ser\u00e3o remanejadas internamente;<\/p>\n<p>2. O Minist\u00e9rio P\u00fablico Federal firmou o compromisso de que isto ser\u00e1 feito preservando-se integralmente a atividade fim, com destaque para as for\u00e7as-tarefa de combate \u00e0 corrup\u00e7\u00e3o. Nesta mesma proposta or\u00e7ament\u00e1ria, o Conselho Superior aprovou toda a verba solicitada pela For\u00e7a Tarefa da Lava Jato. O repasse ser\u00e1 tr\u00eas vezes maior que o constante no or\u00e7amento deste ano;<\/p>\n<p>3. Apenas manteve-se no or\u00e7amento a previs\u00e3o para um reajuste, em discuss\u00e3o no Congresso Nacional desde 2015. Esta mesma previs\u00e3o j\u00e1 havia sido encaminhada nas propostas de 2016 e 2017;<\/p>\n<p>4. O reajuste citado de 16,38% vem sendo amplamente discutido nos dois \u00faltimos anos e busca uma recomposi\u00e7\u00e3o parcial das perdas sofridas em raz\u00e3o da infla\u00e7\u00e3o entre 2014 e 2015 e est\u00e1 dentro dos limites da Emenda Constitucional n\u00ba 95, respeitando o teto de gastos do funcionalismo p\u00fablico.<\/p>\n<p>5. A medida vem sendo discutida desde 2015, atrav\u00e9s do\u00a0<a href=\"http:\/\/www.camara.gov.br\/proposicoesWeb\/fichadetramitacao?idProposicao=1635733\" target=\"_blank\">PL 2647\/15<\/a>\u00a0da C\u00e2mara dos Deputados (PLC\u00a0<a href=\"http:\/\/e.allin.anpr.org.br\/bendar\/?atmca=5542564&amp;atmme=2175&amp;atmte=1&amp;atmso=ck&amp;utm_content=186967440&amp;atmem=YnJ1bmEubWFycXVlc0BhbnByLm9yZy5icg==&amp;\" target=\"_blank\">n\u00ba 28\/2016<\/a>\u00a0do Senado Federal). Tramita em conjunto o\u00a0<a href=\"https:\/\/www25.senado.leg.br\/web\/atividade\/materias\/-\/materia\/126084\" target=\"_blank\">PL 27\/2016<\/a>\u00a0que tamb\u00e9m trata dos subs\u00eddios dos Ministros do Supremo Tribunal Federal, vez que h\u00e1 equipara\u00e7\u00e3o salarial entre o Procurador da Rep\u00fablica e ju\u00edzes federais. Apenas depois de aprovado o Projeto de Lei \u00e9 que haver\u00e1 altera\u00e7\u00e3o dos subs\u00eddios.<\/p>\n<p><em>Jos\u00e9 Robalinho Cavalcanti<\/em><\/p>\n<p><em>Procurador Regional da Rep\u00fablica <\/em><\/p>\n<p><em>Presidente da ANPR&#8221;<\/em><\/p>\n","protected":false},"excerpt":{"rendered":"<p>A Associa\u00e7\u00e3o Nacional dos Procuradores da Rep\u00fablica (ANPR) garante que o reajuste dos subs\u00eddios da classe n\u00e3o vai aumentar o gasto p\u00fablico. &#8220;O impacto or\u00e7ament\u00e1rio ser\u00e1 0 (zero), haja vista que verbas ser\u00e3o remanejadas internamente&#8221;, explicou a entidade Veja a nota: &#8220;A Associa\u00e7\u00e3o Nacional dos Procuradores da Rep\u00fablica vem a p\u00fablico esclarecer quest\u00f5es relacionadas \u00e0 inclus\u00e3o do reajuste dos subs\u00eddios [&hellip;]<\/p>\n","protected":false},"author":27,"featured_media":0,"comment_status":"open","ping_status":"closed","sticky":false,"template":"","format":"standard","meta":{"footnotes":""},"categories":[2719],"tags":[4959,1691,61,204,693,205,7787,1371,59,7788,1164,1635,833,240,7786,344,283,35,3213,2736,668,241,63,1931,7785,696,34,2799,642,2223],"class_list":["post-6167","post","type-post","status-publish","format-standard","hentry","category-servidor","tag-anpr","tag-aprovado","tag-camara","tag-combate","tag-congresso-nacional","tag-corrupcao","tag-ec-952017","tag-equiparacao","tag-federais","tag-forcas-tarefa","tag-funcionalismo","tag-gasto","tag-impacto","tag-inflacao","tag-internamente","tag-juizes","tag-lava-jato","tag-ministro","tag-orcamentario","tag-parcial","tag-perdas","tag-publico","tag-reajuste","tag-recomposicao","tag-remanejadas","tag-senado","tag-stf","tag-subsidios","tag-teto","tag-verbas"],"_links":{"self":[{"href":"https:\/\/blogs.correiobraziliense.com.br\/servidor\/wp-json\/wp\/v2\/posts\/6167","targetHints":{"allow":["GET"]}}],"collection":[{"href":"https:\/\/blogs.correiobraziliense.com.br\/servidor\/wp-json\/wp\/v2\/posts"}],"about":[{"href":"https:\/\/blogs.correiobraziliense.com.br\/servidor\/wp-json\/wp\/v2\/types\/post"}],"author":[{"embeddable":true,"href":"https:\/\/blogs.correiobraziliense.com.br\/servidor\/wp-json\/wp\/v2\/users\/27"}],"replies":[{"embeddable":true,"href":"https:\/\/blogs.correiobraziliense.com.br\/servidor\/wp-json\/wp\/v2\/comments?post=6167"}],"version-history":[{"count":1,"href":"https:\/\/blogs.correiobraziliense.com.br\/servidor\/wp-json\/wp\/v2\/posts\/6167\/revisions"}],"predecessor-version":[{"id":6168,"href":"https:\/\/blogs.correiobraziliense.com.br\/servidor\/wp-json\/wp\/v2\/posts\/6167\/revisions\/6168"}],"wp:attachment":[{"href":"https:\/\/blogs.correiobraziliense.com.br\/servidor\/wp-json\/wp\/v2\/media?parent=6167"}],"wp:term":[{"taxonomy":"category","embeddable":true,"href":"https:\/\/blogs.correiobraziliense.com.br\/servidor\/wp-json\/wp\/v2\/categories?post=6167"},{"taxonomy":"post_tag","embeddable":true,"href":"https:\/\/blogs.correiobraziliense.com.br\/servidor\/wp-json\/wp\/v2\/tags?post=6167"}],"curies":[{"name":"wp","href":"https:\/\/api.w.org\/{rel}","templated":true}]}}