{"id":6165,"date":"2017-07-28T16:46:00","date_gmt":"2017-07-28T19:46:00","guid":{"rendered":"https:\/\/blogs.correiobraziliense.com.br\/servidor\/?p=6165"},"modified":"2017-07-28T16:46:00","modified_gmt":"2017-07-28T19:46:00","slug":"fenapef-mj-deveria-otimizar-e-nao-cortar-gasto-da-pf","status":"publish","type":"post","link":"https:\/\/blogs.correiobraziliense.com.br\/servidor\/fenapef-mj-deveria-otimizar-e-nao-cortar-gasto-da-pf\/","title":{"rendered":"Fenapef &#8211; MJ deveria otimizar e n\u00e3o cortar gasto da PF"},"content":{"rendered":"<p><em>A Federa\u00e7\u00e3o Nacional dos Policiais Federais (Fenapef) recebeu com preocupa\u00e7\u00e3o, mas n\u00e3o com surpresa, o an\u00fancio de cortes que poder\u00e3o afetar as investiga\u00e7\u00f5es conduzidas pelo \u00f3rg\u00e3o.<\/em><\/p>\n<p>De acordo com a entidade, a declara\u00e7\u00e3o do ministro da Justi\u00e7a, Torquato Jardim, s\u00f3 cristaliza o que j\u00e1 estava se configurando desde o an\u00fancio da interrup\u00e7\u00e3o na emiss\u00e3o de passaportes. A Federa\u00e7\u00e3o vinha sentindo um movimento na constru\u00e7\u00e3o de um discurso para justificar o estrangulamento de importantes opera\u00e7\u00f5es da PF, incluindo a Lava Jato. O fim da for\u00e7a-tarefa, tamb\u00e9m com ar de medidas administrativas, refor\u00e7ou as suspeitas.<\/p>\n<p>A Fenapef entende que o corte nos recursos, que j\u00e1 se encontravam no limite, significa deixar o caminho livre para a a\u00e7\u00e3o de corruptos, organiza\u00e7\u00f5es criminosas e de traficantes. O Governo d\u00e1 mostras de que pretende combater a crise minando a for\u00e7a das suas institui\u00e7\u00f5es p\u00fablicas com novos sacrif\u00edcios para o povo brasileiro.<\/p>\n<p>Para a Federa\u00e7\u00e3o, n\u00e3o se economiza em seguran\u00e7a p\u00fablica. O barato poder\u00e1 sair muito mais caro. O que tem que ser feito \u00e9 otimizar os gastos, evitar desperd\u00edcios, dentro de um planejamento de gest\u00e3o eficiente, algo para o qual a dire\u00e7\u00e3o geral provou n\u00e3o ter capacidade. Esperamos que o Minist\u00e9rio da Justi\u00e7a reveja sua postura de contingenciar recursos na PF e busque meios de assegurar o or\u00e7amento para um \u00f3rg\u00e3o de vital import\u00e2ncia para o combate ao crime organizado.<\/p>\n","protected":false},"excerpt":{"rendered":"<p>A Federa\u00e7\u00e3o Nacional dos Policiais Federais (Fenapef) recebeu com preocupa\u00e7\u00e3o, mas n\u00e3o com surpresa, o an\u00fancio de cortes que poder\u00e3o afetar as investiga\u00e7\u00f5es conduzidas pelo \u00f3rg\u00e3o. De acordo com a entidade, a declara\u00e7\u00e3o do ministro da Justi\u00e7a, Torquato Jardim, s\u00f3 cristaliza o que j\u00e1 estava se configurando desde o an\u00fancio da interrup\u00e7\u00e3o na emiss\u00e3o de passaportes. A Federa\u00e7\u00e3o vinha sentindo [&hellip;]<\/p>\n","protected":false},"author":27,"featured_media":0,"comment_status":"open","ping_status":"closed","sticky":false,"template":"","format":"standard","meta":{"footnotes":""},"categories":[2719],"tags":[176,6677,1724,6901,366,7784,4150,107,7089,1635,315,1456,7781,283,1973,893,4165,7779,319,7783,147,316,7782,7780],"class_list":["post-6165","post","type-post","status-publish","format-standard","hentry","category-servidor","tag-acao","tag-corruptos","tag-cortar","tag-criminosas","tag-crise","tag-desperdicios","tag-eficiente","tag-fenapef","tag-forca-tarefa","tag-gasto","tag-gestao","tag-investigacoes","tag-isntituicoes","tag-lava-jato","tag-ministerio-da-justica","tag-mj","tag-organizacoes","tag-otimizar","tag-pf","tag-povo","tag-publica","tag-recursos","tag-sacrificios","tag-traficantes"],"_links":{"self":[{"href":"https:\/\/blogs.correiobraziliense.com.br\/servidor\/wp-json\/wp\/v2\/posts\/6165","targetHints":{"allow":["GET"]}}],"collection":[{"href":"https:\/\/blogs.correiobraziliense.com.br\/servidor\/wp-json\/wp\/v2\/posts"}],"about":[{"href":"https:\/\/blogs.correiobraziliense.com.br\/servidor\/wp-json\/wp\/v2\/types\/post"}],"author":[{"embeddable":true,"href":"https:\/\/blogs.correiobraziliense.com.br\/servidor\/wp-json\/wp\/v2\/users\/27"}],"replies":[{"embeddable":true,"href":"https:\/\/blogs.correiobraziliense.com.br\/servidor\/wp-json\/wp\/v2\/comments?post=6165"}],"version-history":[{"count":1,"href":"https:\/\/blogs.correiobraziliense.com.br\/servidor\/wp-json\/wp\/v2\/posts\/6165\/revisions"}],"predecessor-version":[{"id":6166,"href":"https:\/\/blogs.correiobraziliense.com.br\/servidor\/wp-json\/wp\/v2\/posts\/6165\/revisions\/6166"}],"wp:attachment":[{"href":"https:\/\/blogs.correiobraziliense.com.br\/servidor\/wp-json\/wp\/v2\/media?parent=6165"}],"wp:term":[{"taxonomy":"category","embeddable":true,"href":"https:\/\/blogs.correiobraziliense.com.br\/servidor\/wp-json\/wp\/v2\/categories?post=6165"},{"taxonomy":"post_tag","embeddable":true,"href":"https:\/\/blogs.correiobraziliense.com.br\/servidor\/wp-json\/wp\/v2\/tags?post=6165"}],"curies":[{"name":"wp","href":"https:\/\/api.w.org\/{rel}","templated":true}]}}