{"id":6157,"date":"2017-07-28T15:25:21","date_gmt":"2017-07-28T18:25:21","guid":{"rendered":"https:\/\/blogs.correiobraziliense.com.br\/servidor\/?p=6157"},"modified":"2017-07-28T15:25:21","modified_gmt":"2017-07-28T18:25:21","slug":"mais-de-48-mil-contribuintes-ja-optaram-pelo-programa-especial-de-regularizacao-tributaria-na-receita-federal","status":"publish","type":"post","link":"https:\/\/blogs.correiobraziliense.com.br\/servidor\/mais-de-48-mil-contribuintes-ja-optaram-pelo-programa-especial-de-regularizacao-tributaria-na-receita-federal\/","title":{"rendered":"Mais de 48 mil  contribuintes j\u00e1 optaram pelo Programa Especial de Regulariza\u00e7\u00e3o Tribut\u00e1ria na Receita Federal"},"content":{"rendered":"<div style=\"text-align: left\" align=\"center\"><em>At\u00e9 31 de agosto, pessoas f\u00edsicas ou jur\u00eddicas ter\u00e3o a \u00faltima oportunidade para \u00a0regularizar suas d\u00edvidas para com a Fazenda Nacional<\/em><\/div>\n<div style=\"text-align: left\" align=\"center\"><\/div>\n<div style=\"text-align: left\" align=\"center\">Mais de 48 mil contribuintes j\u00e1 optaram pelo Programa Especial de Regulariza\u00e7\u00e3o Tribut\u00e1ria (PERT), informou a Receita Federal. At\u00e9 31 de agosto de 2017, pessoas f\u00edsicas ou jur\u00eddicas ter\u00e3o a \u00faltima oportunidade para \u00a0regularizar suas d\u00edvidas para com a Fazenda Nacional, vencidas at\u00e9 30 de abril de 2017, nas condi\u00e7\u00f5es especiais previstas no PERT,<\/p>\n<p>Al\u00e9m da redu\u00e7\u00e3o dos processos em lit\u00edgios tribut\u00e1rios, o PERT objetiva proporcionar \u00e0s empresas e aos cidad\u00e3os condi\u00e7\u00f5es especiais para a negocia\u00e7\u00e3o de suas d\u00edvidas. Segundo as regras do programa, os contribuintes poder\u00e3o liquidar d\u00edvidas perante a Secretaria da Receita Federal (RFB) e a Procuradoria-Geral da Fazenda Nacional (PGFN) vencidas at\u00e9 o dia 30 de abril de 2017.<\/p>\n<p>A ades\u00e3o ao PERT poder\u00e1 ser feita mediante requerimento at\u00e9 o dia 31 de agosto de 2017 no Centro de Atendimento Virtual da Receita Federal na Internet (e-CAC), e abranger\u00e1 os d\u00e9bitos indicados pelo sujeito passivo, na condi\u00e7\u00e3o de contribuinte ou respons\u00e1vel, mesmo que se encontrem em discuss\u00e3o administrativa ou judicial, desde que o contribuinte previamente desista do contencioso. Da mesma forma, o contribuinte poder\u00e1 incluir neste programa as d\u00edvidas que j\u00e1 tenham sido inclu\u00eddas em outros parcelamentos.<\/p>\n<p>Para aderir ao PERT acesse<a href=\"http:\/\/idg.receita.fazenda.gov.br\/interface\/lista-de-servicos\/pagamentos-e-parcelamentos\/parcelamentos-especiais\/acessar-o-programa-especial-de-regularizacao-tributaria-pert\/acessar-o-programa-especial-de-regularizacao-tributaria-pert\" target=\"_blank\"> aqui<\/a> \u00a0e siga os passos previstos no ambiente seguro pr\u00f3prio para o registro dessa ades\u00e3o.<\/p>\n<p>Para mais informa\u00e7\u00f5es acesse <a href=\"https:\/\/idg.receita.fazenda.gov.br\/noticias\/ascom\/2017\/julho\/tem-inicio-o-programa-especial-de-regularizacao-tributaria-pert\" target=\"_blank\">aqui <\/a><\/div>\n","protected":false},"excerpt":{"rendered":"<p>At\u00e9 31 de agosto, pessoas f\u00edsicas ou jur\u00eddicas ter\u00e3o a \u00faltima oportunidade para \u00a0regularizar suas d\u00edvidas para com a Fazenda Nacional Mais de 48 mil contribuintes j\u00e1 optaram pelo Programa Especial de Regulariza\u00e7\u00e3o Tribut\u00e1ria (PERT), informou a Receita Federal. At\u00e9 31 de agosto de 2017, pessoas f\u00edsicas ou jur\u00eddicas ter\u00e3o a \u00faltima oportunidade para \u00a0regularizar suas d\u00edvidas para com a [&hellip;]<\/p>\n","protected":false},"author":27,"featured_media":0,"comment_status":"open","ping_status":"closed","sticky":false,"template":"","format":"standard","meta":{"footnotes":""},"categories":[2719],"tags":[1213,515,1247,390,302,1384,113,5023,42,2988,7763,6285,5503,284,562,294,627,1307,7764],"class_list":["post-6157","post","type-post","status-publish","format-standard","hentry","category-servidor","tag-cidadaos","tag-contribuintes","tag-dividas","tag-empresas","tag-fazenda","tag-fisicas","tag-juridicas","tag-litigios","tag-negociacao","tag-oportunidade","tag-optaram","tag-pert","tag-pessoas","tag-pgfn","tag-processos","tag-receita-federal","tag-regularizacao","tag-tributaria","tag-vencidas"],"_links":{"self":[{"href":"https:\/\/blogs.correiobraziliense.com.br\/servidor\/wp-json\/wp\/v2\/posts\/6157","targetHints":{"allow":["GET"]}}],"collection":[{"href":"https:\/\/blogs.correiobraziliense.com.br\/servidor\/wp-json\/wp\/v2\/posts"}],"about":[{"href":"https:\/\/blogs.correiobraziliense.com.br\/servidor\/wp-json\/wp\/v2\/types\/post"}],"author":[{"embeddable":true,"href":"https:\/\/blogs.correiobraziliense.com.br\/servidor\/wp-json\/wp\/v2\/users\/27"}],"replies":[{"embeddable":true,"href":"https:\/\/blogs.correiobraziliense.com.br\/servidor\/wp-json\/wp\/v2\/comments?post=6157"}],"version-history":[{"count":1,"href":"https:\/\/blogs.correiobraziliense.com.br\/servidor\/wp-json\/wp\/v2\/posts\/6157\/revisions"}],"predecessor-version":[{"id":6158,"href":"https:\/\/blogs.correiobraziliense.com.br\/servidor\/wp-json\/wp\/v2\/posts\/6157\/revisions\/6158"}],"wp:attachment":[{"href":"https:\/\/blogs.correiobraziliense.com.br\/servidor\/wp-json\/wp\/v2\/media?parent=6157"}],"wp:term":[{"taxonomy":"category","embeddable":true,"href":"https:\/\/blogs.correiobraziliense.com.br\/servidor\/wp-json\/wp\/v2\/categories?post=6157"},{"taxonomy":"post_tag","embeddable":true,"href":"https:\/\/blogs.correiobraziliense.com.br\/servidor\/wp-json\/wp\/v2\/tags?post=6157"}],"curies":[{"name":"wp","href":"https:\/\/api.w.org\/{rel}","templated":true}]}}