{"id":6153,"date":"2017-07-28T13:40:43","date_gmt":"2017-07-28T16:40:43","guid":{"rendered":"https:\/\/blogs.correiobraziliense.com.br\/servidor\/?p=6153"},"modified":"2017-07-28T13:40:43","modified_gmt":"2017-07-28T16:40:43","slug":"governo-antecipa-parte-do-13o-para-aposentados-e-pensionistas-em-agosto","status":"publish","type":"post","link":"https:\/\/blogs.correiobraziliense.com.br\/servidor\/governo-antecipa-parte-do-13o-para-aposentados-e-pensionistas-em-agosto\/","title":{"rendered":"Governo antecipa parte do 13\u00ba para aposentados e pensionistas em agosto"},"content":{"rendered":"<p><em>Dep\u00f3sitos come\u00e7am a partir de 25 de agosto e seguem at\u00e9 8 de setembro<\/em><\/p>\n<p>Aposentados e pensionistas come\u00e7am a receber a antecipa\u00e7\u00e3o da primeira parte do abono anual, conhecido como 13\u00ba, a partir do dia 25 de agosto. O <a href=\"http:\/\/pesquisa.in.gov.br\/imprensa\/jsp\/visualiza\/index.jsp?jornal=1&amp;pagina=6&amp;data=28\/07\/2017\">decreto<\/a> que autoriza a antecipa\u00e7\u00e3o do pagamento da gratifica\u00e7\u00e3o natalina foi publicado no Di\u00e1rio Oficial da Uni\u00e3o (DOU) desta sexta-feira (28\/07).<\/p>\n<p>A expectativa \u00e9 de que 29,4 milh\u00f5es de benef\u00edcios receber\u00e3o a primeira parcela do abono anual que corresponde a 50% do valor do 13\u00ba e representa uma inje\u00e7\u00e3o extra na economia de pelo menos R$ 19,8 bilh\u00f5es nos meses de agosto e setembro.<\/p>\n<p>O extrato mensal de pagamento estar\u00e1 dispon\u00edvel para consulta na p\u00e1gina da Previd\u00eancia Social <a href=\"http:\/\/www.previdencia.gov.br\">www.previdencia.gov.br<\/a>\u00a0e nos terminais de autoatendimento da rede banc\u00e1ria juntamente com o extrato de pagamento de benef\u00edcios da folha de agosto.<\/p>\n<p>N\u00e3o haver\u00e1 desconto de Imposto de Renda (IR) nesta primeira parcela. De acordo com a legisla\u00e7\u00e3o, o IR sobre o 13\u00ba somente \u00e9 cobrado em novembro e dezembro, quando ser\u00e1 paga a segunda parcela da gratifica\u00e7\u00e3o natalina.<\/p>\n<p><b>Valor da antecipa\u00e7\u00e3o<\/b> \u2013 Aposentados e pensionistas, em sua maioria, receber\u00e3o 50% do valor do benef\u00edcio. A exce\u00e7\u00e3o \u00e9 para quem passou a receber o benef\u00edcio depois de janeiro. Neste caso, o valor ser\u00e1 calculado proporcionalmente.<\/p>\n<p>Os segurados que est\u00e3o em aux\u00edlio-doen\u00e7a tamb\u00e9m recebem uma parcela menor que os 50%. Como esse benef\u00edcio \u00e9 tempor\u00e1rio, o INSS calcula a antecipa\u00e7\u00e3o proporcional ao per\u00edodo. Por exemplo, um benef\u00edcio iniciado em janeiro e ainda em vigor em agosto ter\u00e1 o 13\u00ba terceiro sal\u00e1rio calculado sobre oito meses. O segurado receber\u00e1, portanto, metade deste valor. Em dezembro, caso ainda esteja afastado, o segurado ir\u00e1 receber o restante. Se tiver alta antes, o valor ser\u00e1 calculado at\u00e9 o m\u00eas em que o benef\u00edcio vigorar e acrescido ao \u00faltimo pagamento do benef\u00edcio.<\/p>\n<p><b>N\u00e3o recebem \u2013<\/b> Por lei, os segurados que recebem benef\u00edcios Assistenciais (LOAS) n\u00e3o t\u00eam direito ao 13\u00ba sal\u00e1rio, que corresponde a cerca de 4,5 milh\u00f5es de benef\u00edcios.<\/p>\n","protected":false},"excerpt":{"rendered":"<p>Dep\u00f3sitos come\u00e7am a partir de 25 de agosto e seguem at\u00e9 8 de setembro Aposentados e pensionistas come\u00e7am a receber a antecipa\u00e7\u00e3o da primeira parte do abono anual, conhecido como 13\u00ba, a partir do dia 25 de agosto. O decreto que autoriza a antecipa\u00e7\u00e3o do pagamento da gratifica\u00e7\u00e3o natalina foi publicado no Di\u00e1rio Oficial da Uni\u00e3o (DOU) desta sexta-feira (28\/07). [&hellip;]<\/p>\n","protected":false},"author":27,"featured_media":0,"comment_status":"open","ping_status":"closed","sticky":false,"template":"","format":"standard","meta":{"footnotes":""},"categories":[2719],"tags":[2414,389,2826,7753,345,852,1769,88,2348,150,98,333,7755,11,2413,151,7754,346,1603,316],"class_list":["post-6153","post","type-post","status-publish","format-standard","hentry","category-servidor","tag-13o-salario","tag-abono","tag-agosto","tag-anticipa","tag-aposentados","tag-beneficios","tag-dou","tag-economia","tag-extra","tag-folha","tag-governo","tag-gratificacao","tag-injecao","tag-inss","tag-natalina","tag-pagamento","tag-parte","tag-pensionistas","tag-previdencia-social","tag-recursos"],"_links":{"self":[{"href":"https:\/\/blogs.correiobraziliense.com.br\/servidor\/wp-json\/wp\/v2\/posts\/6153","targetHints":{"allow":["GET"]}}],"collection":[{"href":"https:\/\/blogs.correiobraziliense.com.br\/servidor\/wp-json\/wp\/v2\/posts"}],"about":[{"href":"https:\/\/blogs.correiobraziliense.com.br\/servidor\/wp-json\/wp\/v2\/types\/post"}],"author":[{"embeddable":true,"href":"https:\/\/blogs.correiobraziliense.com.br\/servidor\/wp-json\/wp\/v2\/users\/27"}],"replies":[{"embeddable":true,"href":"https:\/\/blogs.correiobraziliense.com.br\/servidor\/wp-json\/wp\/v2\/comments?post=6153"}],"version-history":[{"count":1,"href":"https:\/\/blogs.correiobraziliense.com.br\/servidor\/wp-json\/wp\/v2\/posts\/6153\/revisions"}],"predecessor-version":[{"id":6154,"href":"https:\/\/blogs.correiobraziliense.com.br\/servidor\/wp-json\/wp\/v2\/posts\/6153\/revisions\/6154"}],"wp:attachment":[{"href":"https:\/\/blogs.correiobraziliense.com.br\/servidor\/wp-json\/wp\/v2\/media?parent=6153"}],"wp:term":[{"taxonomy":"category","embeddable":true,"href":"https:\/\/blogs.correiobraziliense.com.br\/servidor\/wp-json\/wp\/v2\/categories?post=6153"},{"taxonomy":"post_tag","embeddable":true,"href":"https:\/\/blogs.correiobraziliense.com.br\/servidor\/wp-json\/wp\/v2\/tags?post=6153"}],"curies":[{"name":"wp","href":"https:\/\/api.w.org\/{rel}","templated":true}]}}