{"id":6147,"date":"2017-07-27T20:04:54","date_gmt":"2017-07-27T23:04:54","guid":{"rendered":"https:\/\/blogs.correiobraziliense.com.br\/servidor\/?p=6147"},"modified":"2017-07-27T20:04:54","modified_gmt":"2017-07-27T23:04:54","slug":"65-dos-profissionais-de-departamento-juridico-nao-querem-trabalhar-como-terceirizados","status":"publish","type":"post","link":"https:\/\/blogs.correiobraziliense.com.br\/servidor\/65-dos-profissionais-de-departamento-juridico-nao-querem-trabalhar-como-terceirizados\/","title":{"rendered":"65% dos profissionais de departamento jur\u00eddico n\u00e3o querem trabalhar como terceirizados"},"content":{"rendered":"<p><em>Pesquisa da ProJuris com profissionais do setor buscou entender <\/em>como a Lei da Terceiriza\u00e7\u00e3o vai afetar esse mercado no Brasil<\/p>\n<p>A ProJuris, empresa que desenvolve softwares para gest\u00e3o jur\u00eddica, fez um levantamento sobre como a Lei da Terceiriza\u00e7\u00e3o, sancionada pelo Presidente Michel Temer, vai afetar os Departamentos Jur\u00eddicos no Brasil. A pesquisa teve a participa\u00e7\u00e3o de 82 profissionais que responderam cinco perguntas para explicar como a lei vai afetar esse mercado.<\/p>\n<p>A lei j\u00e1 est\u00e1 vigorando em todo o territ\u00f3rio nacional com a proposta de flexibilizar a rela\u00e7\u00e3o entre empresas e prestadores de servi\u00e7o, dando prioridade e autonomia \u00e0s decis\u00f5es que partem do acordo entre estes dois agentes em desvantagem da CLT.<\/p>\n<p>Segundo o levantamento, 35% dos profissionais do setor jur\u00eddico concordam que as mudan\u00e7as previstas na lei 13.429\/2017 impactam no trabalho; 24% acham que a lei contribui positivamente, pois aumenta a competitividade do mercado; 24% entende que a lei \u00e9 positiva, pois desburocratiza o processo de terceiriza\u00e7\u00e3o; e 16 % acreditam que ser\u00e1 negativa, pois o leil\u00e3o do mercado vai gerar baixa qualidade.<\/p>\n<p>Quando perguntados se acreditam que, agora outorgada a lei, a demanda do departamento jur\u00eddico vai aumentar, 71% responderam que sim e 29% acreditam que n\u00e3o haver\u00e1 o aumento devido \u00e0 lei.\u00a0 Referente ao n\u00famero de processos trabalhistas, (49%) acreditam que haver\u00e1 um aumento, (30%) ir\u00e1 se manter e (21%) acredita que vai diminuir.<\/p>\n<p>Um dado que chamou aten\u00e7\u00e3o \u00e9 a falta de interesse dos profissionais em se tornar terceirizado: 65% n\u00e3o gostariam de trabalhar como profissional terceirizado, j\u00e1 35% aceitariam trabalhar nesse regime de contrata\u00e7\u00e3o.<\/p>\n<p>\u201c\u00c9 poss\u00edvel reconhecer na pesquisa indicativos que apontem para a diminui\u00e7\u00e3o da burocracia e do combate \u00e0 morosidade da justi\u00e7a trabalhista, mesmo que, segundo a opini\u00e3o dos profissionais entrevistados, o volume processual tenda a aumentar com a Lei da Terceiriza\u00e7\u00e3o. Na pergunta que se destina objetivamente a gerar um extrato da percep\u00e7\u00e3o (negativa ou positiva) dos profissionais, o equil\u00edbrio nas percep\u00e7\u00f5es prevalece. Em resumo, acredito que a real influ\u00eancia da nova lei ser\u00e1 percebida na pr\u00e1tica e em diferentes n\u00edveis por cada setor\u201d, comenta Sergio Cochela, CEO da ProJuris.<\/p>\n<p><strong>Sobre a Projuris <\/strong><\/p>\n<p>H\u00e1 28 anos no mercado, a ProJuris desenvolve softwares de gest\u00e3o para a \u00e1rea jur\u00eddica e atende clientes em todo o Brasil, desde profissionais aut\u00f4nomos e escrit\u00f3rios de advocacia at\u00e9 empresas multinacionais, com vers\u00f5es espec\u00edficas para cada um destes 3 p\u00fablicos. Localizada no polo tecnol\u00f3gico de Joinville (SC), a empresa auxilia no gerenciamento de mais de cinco milh\u00f5es de processos de seus milhares de clientes.<\/p>\n<p>&nbsp;<\/p>\n","protected":false},"excerpt":{"rendered":"<p>Pesquisa da ProJuris com profissionais do setor buscou entender como a Lei da Terceiriza\u00e7\u00e3o vai afetar esse mercado no Brasil A ProJuris, empresa que desenvolve softwares para gest\u00e3o jur\u00eddica, fez um levantamento sobre como a Lei da Terceiriza\u00e7\u00e3o, sancionada pelo Presidente Michel Temer, vai afetar os Departamentos Jur\u00eddicos no Brasil. A pesquisa teve a participa\u00e7\u00e3o de 82 profissionais que responderam [&hellip;]<\/p>\n","protected":false},"author":27,"featured_media":0,"comment_status":"open","ping_status":"closed","sticky":false,"template":"","format":"standard","meta":{"footnotes":""},"categories":[2719],"tags":[1308,7749,3895,2272,204,7745,390,4648,5315,260,7746,489,7750,7748,1187,2316,1075,7747,1939,570,1090,2157],"class_list":["post-6147","post","type-post","status-publish","format-standard","hentry","category-servidor","tag-autonomia","tag-avordo","tag-burocracia","tag-clt","tag-combate","tag-departamento","tag-empresas","tag-flexibilizar","tag-juridico","tag-justica","tag-lei-da-terceirizacao","tag-mercado","tag-morosiade","tag-perguntas","tag-pratica","tag-prioridade","tag-profissionais","tag-projuris","tag-relacao","tag-setor","tag-terceirizados","tag-trabalhista"],"_links":{"self":[{"href":"https:\/\/blogs.correiobraziliense.com.br\/servidor\/wp-json\/wp\/v2\/posts\/6147","targetHints":{"allow":["GET"]}}],"collection":[{"href":"https:\/\/blogs.correiobraziliense.com.br\/servidor\/wp-json\/wp\/v2\/posts"}],"about":[{"href":"https:\/\/blogs.correiobraziliense.com.br\/servidor\/wp-json\/wp\/v2\/types\/post"}],"author":[{"embeddable":true,"href":"https:\/\/blogs.correiobraziliense.com.br\/servidor\/wp-json\/wp\/v2\/users\/27"}],"replies":[{"embeddable":true,"href":"https:\/\/blogs.correiobraziliense.com.br\/servidor\/wp-json\/wp\/v2\/comments?post=6147"}],"version-history":[{"count":1,"href":"https:\/\/blogs.correiobraziliense.com.br\/servidor\/wp-json\/wp\/v2\/posts\/6147\/revisions"}],"predecessor-version":[{"id":6148,"href":"https:\/\/blogs.correiobraziliense.com.br\/servidor\/wp-json\/wp\/v2\/posts\/6147\/revisions\/6148"}],"wp:attachment":[{"href":"https:\/\/blogs.correiobraziliense.com.br\/servidor\/wp-json\/wp\/v2\/media?parent=6147"}],"wp:term":[{"taxonomy":"category","embeddable":true,"href":"https:\/\/blogs.correiobraziliense.com.br\/servidor\/wp-json\/wp\/v2\/categories?post=6147"},{"taxonomy":"post_tag","embeddable":true,"href":"https:\/\/blogs.correiobraziliense.com.br\/servidor\/wp-json\/wp\/v2\/tags?post=6147"}],"curies":[{"name":"wp","href":"https:\/\/api.w.org\/{rel}","templated":true}]}}