{"id":6145,"date":"2017-07-27T19:46:14","date_gmt":"2017-07-27T22:46:14","guid":{"rendered":"https:\/\/blogs.correiobraziliense.com.br\/servidor\/?p=6145"},"modified":"2017-07-27T19:46:14","modified_gmt":"2017-07-27T22:46:14","slug":"vale-atualiza-sobre-potencial-retorno-as-operacoes-da-samarco","status":"publish","type":"post","link":"https:\/\/blogs.correiobraziliense.com.br\/servidor\/vale-atualiza-sobre-potencial-retorno-as-operacoes-da-samarco\/","title":{"rendered":"Vale atualiza sobre potencial retorno \u00e0s opera\u00e7\u00f5es da Samarco"},"content":{"rendered":"<p>Por meio de nota, a Vale informa que, nesta data, foi comunicada pela Samarco Minera\u00e7\u00e3o S.A. (Samarco) que recentes desdobramentos e an\u00e1lises com rela\u00e7\u00e3o ao processo de obten\u00e7\u00e3o das licen\u00e7as necess\u00e1rias para o retorno de sua opera\u00e7\u00e3o fizeram com que a Samarco reconsiderasse a data anteriormente indicada e passasse a avaliar n\u00e3o ser mais poss\u00edvel retomar suas opera\u00e7\u00f5es at\u00e9 o final de 2017.<\/p>\n<p>Segundo a Samarco, a n\u00e3o obten\u00e7\u00e3o da anu\u00eancia do munic\u00edpio de Santa B\u00e1rbara, em Minas Gerais, para a capta\u00e7\u00e3o imediata de \u00e1gua afetou a elabora\u00e7\u00e3o e protocolo dos estudos de impacto ambiental necess\u00e1rios para o restabelecimento da Licen\u00e7a de Opera\u00e7\u00e3o Corretiva (LOC) do Complexo Miner\u00e1rio no prazo inicialmente previsto. Ademais, devem ser obtidas tamb\u00e9m Licen\u00e7as Pr\u00e9via e de Instala\u00e7\u00e3o (LP\/LI) autorizando a constru\u00e7\u00e3o das estruturas necess\u00e1rias para a utiliza\u00e7\u00e3o da cava de Alegria Sul como dep\u00f3sito dos rejeitos, sendo que tal processo requer anu\u00eancia, ainda pendente, dos \u00f3rg\u00e3os competentes.<\/p>\n<p>A Samarco informou ainda que continua buscando cumprir todas as etapas para garantir a retomada segura de suas opera\u00e7\u00f5es no menor tempo poss\u00edvel, mas que, como tal retomada depende, entre outros fatores, da emiss\u00e3o de licen\u00e7as sujeitas a vari\u00e1veis ex\u00f3genas e processos de elevada complexidade, n\u00e3o pode estimar, neste momento, uma data para retorno de suas opera\u00e7\u00f5es.<\/p>\n","protected":false},"excerpt":{"rendered":"<p>Por meio de nota, a Vale informa que, nesta data, foi comunicada pela Samarco Minera\u00e7\u00e3o S.A. (Samarco) que recentes desdobramentos e an\u00e1lises com rela\u00e7\u00e3o ao processo de obten\u00e7\u00e3o das licen\u00e7as necess\u00e1rias para o retorno de sua opera\u00e7\u00e3o fizeram com que a Samarco reconsiderasse a data anteriormente indicada e passasse a avaliar n\u00e3o ser mais poss\u00edvel retomar suas opera\u00e7\u00f5es at\u00e9 o [&hellip;]<\/p>\n","protected":false},"author":27,"featured_media":0,"comment_status":"open","ping_status":"closed","sticky":false,"template":"","format":"standard","meta":{"footnotes":""},"categories":[2719],"tags":[1430,7743,191,7742,1112,7740,7741,4189,1672,686,7738,7744,16,2269,7739,2264],"class_list":["post-6145","post","type-post","status-publish","format-standard","hentry","category-servidor","tag-atualiza","tag-cava","tag-data","tag-estruturas","tag-licencas","tag-loc","tag-lpli","tag-minas-gerais","tag-municipio","tag-operacoes","tag-potencial","tag-rejeitos","tag-retorno","tag-samarco","tag-santa-barbara","tag-vale"],"_links":{"self":[{"href":"https:\/\/blogs.correiobraziliense.com.br\/servidor\/wp-json\/wp\/v2\/posts\/6145","targetHints":{"allow":["GET"]}}],"collection":[{"href":"https:\/\/blogs.correiobraziliense.com.br\/servidor\/wp-json\/wp\/v2\/posts"}],"about":[{"href":"https:\/\/blogs.correiobraziliense.com.br\/servidor\/wp-json\/wp\/v2\/types\/post"}],"author":[{"embeddable":true,"href":"https:\/\/blogs.correiobraziliense.com.br\/servidor\/wp-json\/wp\/v2\/users\/27"}],"replies":[{"embeddable":true,"href":"https:\/\/blogs.correiobraziliense.com.br\/servidor\/wp-json\/wp\/v2\/comments?post=6145"}],"version-history":[{"count":1,"href":"https:\/\/blogs.correiobraziliense.com.br\/servidor\/wp-json\/wp\/v2\/posts\/6145\/revisions"}],"predecessor-version":[{"id":6146,"href":"https:\/\/blogs.correiobraziliense.com.br\/servidor\/wp-json\/wp\/v2\/posts\/6145\/revisions\/6146"}],"wp:attachment":[{"href":"https:\/\/blogs.correiobraziliense.com.br\/servidor\/wp-json\/wp\/v2\/media?parent=6145"}],"wp:term":[{"taxonomy":"category","embeddable":true,"href":"https:\/\/blogs.correiobraziliense.com.br\/servidor\/wp-json\/wp\/v2\/categories?post=6145"},{"taxonomy":"post_tag","embeddable":true,"href":"https:\/\/blogs.correiobraziliense.com.br\/servidor\/wp-json\/wp\/v2\/tags?post=6145"}],"curies":[{"name":"wp","href":"https:\/\/api.w.org\/{rel}","templated":true}]}}