{"id":6135,"date":"2017-07-27T12:44:09","date_gmt":"2017-07-27T15:44:09","guid":{"rendered":"https:\/\/blogs.correiobraziliense.com.br\/servidor\/?p=6135"},"modified":"2017-07-27T12:44:09","modified_gmt":"2017-07-27T15:44:09","slug":"planejamento-vai-explicar-pdv-e-orcamento","status":"publish","type":"post","link":"https:\/\/blogs.correiobraziliense.com.br\/servidor\/planejamento-vai-explicar-pdv-e-orcamento\/","title":{"rendered":"Planejamento vai explicar PDV e or\u00e7amento"},"content":{"rendered":"<p>O ministro do Planejamento, Desenvolvimento e Gest\u00e3o, Dyogo Oliveira, e o secret\u00e1rio de\u00a0Or\u00e7amento Federal, George Soares, dar\u00e3o entrevista, nesta quinta-feira, dia 27, \u00e0s 17h30, para falar sobre:<\/p>\n<p>1.\u00a0\u00a0\u00a0\u00a0\u00a0\u00a0\u00a0Decreto que disp\u00f5e sobre a programa\u00e7\u00e3o or\u00e7ament\u00e1ria e financeira do Poder Executivo Federal<\/p>\n<p>2.\u00a0\u00a0\u00a0\u00a0\u00a0\u00a0\u00a0Medida Provis\u00f3ria n\u00ba 792, que institui, no \u00e2mbito do Poder Executivo federal, o Programa de Desligamento Volunt\u00e1rio, a jornada de trabalho reduzida com remunera\u00e7\u00e3o proporcional e a licen\u00e7a sem remunera\u00e7\u00e3o com pagamento de incentivo em pec\u00fania, destinados ao servidor da administra\u00e7\u00e3o p\u00fablica federal direta, aut\u00e1rquica e fundacional.<\/p>\n","protected":false},"excerpt":{"rendered":"<p>O ministro do Planejamento, Desenvolvimento e Gest\u00e3o, Dyogo Oliveira, e o secret\u00e1rio de\u00a0Or\u00e7amento Federal, George Soares, dar\u00e3o entrevista, nesta quinta-feira, dia 27, \u00e0s 17h30, para falar sobre: 1.\u00a0\u00a0\u00a0\u00a0\u00a0\u00a0\u00a0Decreto que disp\u00f5e sobre a programa\u00e7\u00e3o or\u00e7ament\u00e1ria e financeira do Poder Executivo Federal 2.\u00a0\u00a0\u00a0\u00a0\u00a0\u00a0\u00a0Medida Provis\u00f3ria n\u00ba 792, que institui, no \u00e2mbito do Poder Executivo federal, o Programa de Desligamento Volunt\u00e1rio, a jornada de [&hellip;]<\/p>\n","protected":false},"author":27,"featured_media":0,"comment_status":"open","ping_status":"closed","sticky":false,"template":"","format":"standard","meta":{"footnotes":""},"categories":[2719],"tags":[1597,1623,318,3086,3,1413,7640,1620,8,261],"class_list":["post-6135","post","type-post","status-publish","format-standard","hentry","category-servidor","tag-incentivo","tag-jornada","tag-orcamento","tag-pdv","tag-planejamento","tag-poder-executivo","tag-proporcional","tag-remuneracao","tag-servidor","tag-trabalho"],"_links":{"self":[{"href":"https:\/\/blogs.correiobraziliense.com.br\/servidor\/wp-json\/wp\/v2\/posts\/6135","targetHints":{"allow":["GET"]}}],"collection":[{"href":"https:\/\/blogs.correiobraziliense.com.br\/servidor\/wp-json\/wp\/v2\/posts"}],"about":[{"href":"https:\/\/blogs.correiobraziliense.com.br\/servidor\/wp-json\/wp\/v2\/types\/post"}],"author":[{"embeddable":true,"href":"https:\/\/blogs.correiobraziliense.com.br\/servidor\/wp-json\/wp\/v2\/users\/27"}],"replies":[{"embeddable":true,"href":"https:\/\/blogs.correiobraziliense.com.br\/servidor\/wp-json\/wp\/v2\/comments?post=6135"}],"version-history":[{"count":1,"href":"https:\/\/blogs.correiobraziliense.com.br\/servidor\/wp-json\/wp\/v2\/posts\/6135\/revisions"}],"predecessor-version":[{"id":6136,"href":"https:\/\/blogs.correiobraziliense.com.br\/servidor\/wp-json\/wp\/v2\/posts\/6135\/revisions\/6136"}],"wp:attachment":[{"href":"https:\/\/blogs.correiobraziliense.com.br\/servidor\/wp-json\/wp\/v2\/media?parent=6135"}],"wp:term":[{"taxonomy":"category","embeddable":true,"href":"https:\/\/blogs.correiobraziliense.com.br\/servidor\/wp-json\/wp\/v2\/categories?post=6135"},{"taxonomy":"post_tag","embeddable":true,"href":"https:\/\/blogs.correiobraziliense.com.br\/servidor\/wp-json\/wp\/v2\/tags?post=6135"}],"curies":[{"name":"wp","href":"https:\/\/api.w.org\/{rel}","templated":true}]}}