{"id":6125,"date":"2017-07-26T18:12:03","date_gmt":"2017-07-26T21:12:03","guid":{"rendered":"https:\/\/blogs.correiobraziliense.com.br\/servidor\/?p=6125"},"modified":"2017-07-26T18:12:03","modified_gmt":"2017-07-26T21:12:03","slug":"fundacao-viva-de-previdencia-participantes-elegem-novos-conselheiros","status":"publish","type":"post","link":"https:\/\/blogs.correiobraziliense.com.br\/servidor\/fundacao-viva-de-previdencia-participantes-elegem-novos-conselheiros\/","title":{"rendered":"Funda\u00e7\u00e3o Viva de Previd\u00eancia &#8211; Participantes elegem novos conselheiros"},"content":{"rendered":"<p><em>A Funda\u00e7\u00e3o Viva de Previd\u00eancia finalizou o per\u00edodo de vota\u00e7\u00e3o para a escolha dos Conselhos Deliberativo e Fiscal<\/em><\/p>\n<p>De 18 a 20 de julho,informou a entidade, os participantes aptos a votar manifestaram fizeram a escolha pela internet ou por telefone. De acordo com o Estatuto da Funda\u00e7\u00e3o, o Conselho Deliberativo \u00e9 composto por seis membros titulares e o Conselho Fiscal por quatro, ambos com um suplente para cada vaga.<\/p>\n<p>O resultado final, monitorado por auditoria, foi amplamente divulgado pela Comiss\u00e3o Eleitoral na sexta-feira (21), garantiu a Funda\u00e7\u00e3o, tanto no site da empresa quanto pelas redes sociais e por e-mail enviado aos participantes. A posse dos novos conselheiros ser\u00e1 em 31 de agosto, na sede da entidade em Bras\u00edlia (DF).<\/p>\n<p><strong>Novo momento<\/strong><\/p>\n<p>A Funda\u00e7\u00e3o Viva de Previd\u00eancia, de acordo com nota enviada pela assessoria de imprensa,\u00a0 passa por um momento de destaque no segmento das Entidades Fechadas de Previd\u00eancia Complementar. Tem, hoje, o maior plano institu\u00eddo do pa\u00eds em rela\u00e7\u00e3o a seus ativos e trabalha com uma das menores taxas administrativas praticadas no mercado.<\/p>\n<p>A Viva tamb\u00e9m vem de anos seguidos de super\u00e1vit. Esse cen\u00e1rio reflete em benef\u00edcios aos participantes, dentre eles, a redu\u00e7\u00e3o mensal do valor de contribui\u00e7\u00e3o dos peculistas, afirma a nota. Os investimentos assertivos, conjugados com a solidez da empresa, refletem nesses resultados ao longo dos anos.<\/p>\n<p>Destaca-se que essa administra\u00e7\u00e3o \u00e9 compartilhada com todos os seus 53 mil participantes. Como exemplo, entre titulares e suplentes, todos os 20 candidatos eleitos no Processo Eleitoral 2017 s\u00e3o participantes dos planos previdenci\u00e1rios da Funda\u00e7\u00e3o, condi\u00e7\u00e3o definida em Estatuto, assinala o documento da assessoria.<\/p>\n<p>&#8220;A Funda\u00e7\u00e3o abre espa\u00e7o a todos os participantes da empresa para que manifestem seus interesses e ideias atrav\u00e9s dos diversos canais comunica\u00e7\u00e3o dispon\u00edveis. Assim, continuar\u00e1 trabalhando no modelo de gest\u00e3o participativa, a fim de se manter entre as entidades mais transparentes e confi\u00e1veis do setor&#8221;, finaliza a nota.<\/p>\n","protected":false},"excerpt":{"rendered":"<p>A Funda\u00e7\u00e3o Viva de Previd\u00eancia finalizou o per\u00edodo de vota\u00e7\u00e3o para a escolha dos Conselhos Deliberativo e Fiscal De 18 a 20 de julho,informou a entidade, os participantes aptos a votar manifestaram fizeram a escolha pela internet ou por telefone. De acordo com o Estatuto da Funda\u00e7\u00e3o, o Conselho Deliberativo \u00e9 composto por seis membros titulares e o Conselho Fiscal [&hellip;]<\/p>\n","protected":false},"author":27,"featured_media":0,"comment_status":"open","ping_status":"closed","sticky":false,"template":"","format":"standard","meta":{"footnotes":""},"categories":[2719],"tags":[1191,7711,865,3222,7,4267,131,7709,377,67,4979,1008,489,7710,435,1669,2508,1121,3025,1498],"class_list":["post-6125","post","type-post","status-publish","format-standard","hentry","category-servidor","tag-administracao","tag-administrtivas","tag-ativos","tag-auditoria","tag-complementar","tag-conselheiros","tag-contribuicao","tag-deliberativo","tag-estatuto","tag-fiscal","tag-fundacao-viva-de-previdencia","tag-investimentos","tag-mercado","tag-monitorado","tag-novos","tag-participantes","tag-resultado","tag-resultados","tag-taxas","tag-votacao"],"_links":{"self":[{"href":"https:\/\/blogs.correiobraziliense.com.br\/servidor\/wp-json\/wp\/v2\/posts\/6125","targetHints":{"allow":["GET"]}}],"collection":[{"href":"https:\/\/blogs.correiobraziliense.com.br\/servidor\/wp-json\/wp\/v2\/posts"}],"about":[{"href":"https:\/\/blogs.correiobraziliense.com.br\/servidor\/wp-json\/wp\/v2\/types\/post"}],"author":[{"embeddable":true,"href":"https:\/\/blogs.correiobraziliense.com.br\/servidor\/wp-json\/wp\/v2\/users\/27"}],"replies":[{"embeddable":true,"href":"https:\/\/blogs.correiobraziliense.com.br\/servidor\/wp-json\/wp\/v2\/comments?post=6125"}],"version-history":[{"count":1,"href":"https:\/\/blogs.correiobraziliense.com.br\/servidor\/wp-json\/wp\/v2\/posts\/6125\/revisions"}],"predecessor-version":[{"id":6126,"href":"https:\/\/blogs.correiobraziliense.com.br\/servidor\/wp-json\/wp\/v2\/posts\/6125\/revisions\/6126"}],"wp:attachment":[{"href":"https:\/\/blogs.correiobraziliense.com.br\/servidor\/wp-json\/wp\/v2\/media?parent=6125"}],"wp:term":[{"taxonomy":"category","embeddable":true,"href":"https:\/\/blogs.correiobraziliense.com.br\/servidor\/wp-json\/wp\/v2\/categories?post=6125"},{"taxonomy":"post_tag","embeddable":true,"href":"https:\/\/blogs.correiobraziliense.com.br\/servidor\/wp-json\/wp\/v2\/tags?post=6125"}],"curies":[{"name":"wp","href":"https:\/\/api.w.org\/{rel}","templated":true}]}}