{"id":6119,"date":"2017-07-26T15:05:23","date_gmt":"2017-07-26T18:05:23","guid":{"rendered":"https:\/\/blogs.correiobraziliense.com.br\/servidor\/?p=6119"},"modified":"2017-07-26T17:53:17","modified_gmt":"2017-07-26T20:53:17","slug":"fonasefe-exige-que-mpog-libere-reajuste","status":"publish","type":"post","link":"https:\/\/blogs.correiobraziliense.com.br\/servidor\/fonasefe-exige-que-mpog-libere-reajuste\/","title":{"rendered":"No embalo dos 16,7% autorizados para o MPF, Fonasefe exige que MPOG libere reajuste"},"content":{"rendered":"<p><em>O <span class=\"st\">F\u00f3rum das Entidades Nacionais dos Servidores P\u00fablicos Federais (Fonasefe) vai protocolar, \u00e0s 16 horas, o<\/span>f\u00edcio com a pauta da campanha salarial 2017. O ato estava marcado para as 10h, no Bloco K, do Minist\u00e9rio do Planejamento. Mas foi transferido para esta tarde. A campanha come\u00e7a no embalo dos 16% do MP<\/em><\/p>\n<p>Servidores que fecharam acordo por dois anos (no total de 10,8%) e j\u00e1 n\u00e3o estavam conformados com os argumentos do governo, de que a crise e a lei do teto dos gastos impediriam novos aumentos, agora, diante do pedido da Procuradoria-Geral da Rep\u00fablica (PGR) de acr\u00e9scimo de 16, 7% nos contracheques, em apenas um ano (2018), exigem o mesmo tratamento. O Fonasefe \u00e9 composto por 22 entidades sindicais do Executivo, Legislativo e Judici\u00e1rio.<\/p>\n<p>De acordo com Jacob Paiva, primeiro-secret\u00e1rio da\u00a0Sindicato Nacional dos Docentes de Institui\u00e7\u00f5es de Ensino Superior (Andes) e um dos respons\u00e1veis pelas reivindica\u00e7\u00f5es, nesta pauta de hoje n\u00e3o foi definido, de pronto, exatamente qual ser\u00e1 o percentual que cada uma das carreiras v\u00e3o pedir. &#8220;N\u00e3o trabalhamos com um \u00fanico \u00edndice, porque as situa\u00e7\u00f5es s\u00e3o diferenciadas. Cada categoria vai trabalhar de acordo com sua expectativa de perda e de reposi\u00e7\u00e3o inflacion\u00e1ria&#8221;, explicou.<\/p>\n<p>Ele disse, ainda, que o F\u00f3rum j\u00e1 tentou v\u00e1rias vezes uma reuni\u00e3o com o MPOG, sem sucesso. &#8220;O documento que vamos entregar est\u00e1 embasado na Constitui\u00e7\u00e3o Federal e nas conven\u00e7\u00f5es da Organiza\u00e7\u00e3o Internacional do Trabalho (OIT) que o Brasil assinou. Caso n\u00e3o formos atendidos, mais uma vez, voltaremos a nos reunir para decidir como intensificar esse movimento pela campanha salarial de 2017&#8221;, enfatizou Paiva.<\/p>\n<p>&nbsp;<\/p>\n","protected":false},"excerpt":{"rendered":"<p>O F\u00f3rum das Entidades Nacionais dos Servidores P\u00fablicos Federais (Fonasefe) vai protocolar, \u00e0s 16 horas, of\u00edcio com a pauta da campanha salarial 2017. O ato estava marcado para as 10h, no Bloco K, do Minist\u00e9rio do Planejamento. Mas foi transferido para esta tarde. A campanha come\u00e7a no embalo dos 16% do MP Servidores que fecharam acordo por dois anos (no [&hellip;]<\/p>\n","protected":false},"author":27,"featured_media":0,"comment_status":"open","ping_status":"closed","sticky":false,"template":"","format":"standard","meta":{"footnotes":""},"categories":[2719],"tags":[112,6208,185,21,3977,305,2424,366,9,1526,1169,98,1261,4064,64,10,141,7706,2421,17,1491,548,600,63,882,18,642],"class_list":["post-6119","post","type-post","status-publish","format-standard","hentry","category-servidor","tag-acordo","tag-andes","tag-argumentos","tag-ato","tag-aumentos","tag-campanha","tag-contracheques","tag-crise","tag-executivo","tag-fonasef","tag-gastos","tag-governo","tag-indice","tag-inflacionaria","tag-judiciario","tag-legislativo","tag-ministerio-do-planejamento","tag-mpfr","tag-mpog","tag-pauta","tag-perda","tag-pgr","tag-protocolar","tag-reajuste","tag-reposicao","tag-salarial","tag-teto"],"_links":{"self":[{"href":"https:\/\/blogs.correiobraziliense.com.br\/servidor\/wp-json\/wp\/v2\/posts\/6119","targetHints":{"allow":["GET"]}}],"collection":[{"href":"https:\/\/blogs.correiobraziliense.com.br\/servidor\/wp-json\/wp\/v2\/posts"}],"about":[{"href":"https:\/\/blogs.correiobraziliense.com.br\/servidor\/wp-json\/wp\/v2\/types\/post"}],"author":[{"embeddable":true,"href":"https:\/\/blogs.correiobraziliense.com.br\/servidor\/wp-json\/wp\/v2\/users\/27"}],"replies":[{"embeddable":true,"href":"https:\/\/blogs.correiobraziliense.com.br\/servidor\/wp-json\/wp\/v2\/comments?post=6119"}],"version-history":[{"count":2,"href":"https:\/\/blogs.correiobraziliense.com.br\/servidor\/wp-json\/wp\/v2\/posts\/6119\/revisions"}],"predecessor-version":[{"id":6124,"href":"https:\/\/blogs.correiobraziliense.com.br\/servidor\/wp-json\/wp\/v2\/posts\/6119\/revisions\/6124"}],"wp:attachment":[{"href":"https:\/\/blogs.correiobraziliense.com.br\/servidor\/wp-json\/wp\/v2\/media?parent=6119"}],"wp:term":[{"taxonomy":"category","embeddable":true,"href":"https:\/\/blogs.correiobraziliense.com.br\/servidor\/wp-json\/wp\/v2\/categories?post=6119"},{"taxonomy":"post_tag","embeddable":true,"href":"https:\/\/blogs.correiobraziliense.com.br\/servidor\/wp-json\/wp\/v2\/tags?post=6119"}],"curies":[{"name":"wp","href":"https:\/\/api.w.org\/{rel}","templated":true}]}}