{"id":610,"date":"2015-11-18T21:06:16","date_gmt":"2015-11-18T23:06:16","guid":{"rendered":"https:\/\/blogs.correiobraziliense.com.br\/servidor\/?p=610"},"modified":"2015-11-18T21:06:16","modified_gmt":"2015-11-18T23:06:16","slug":"rudinei-marques-e-o-novo-presidente-do-forum","status":"publish","type":"post","link":"https:\/\/blogs.correiobraziliense.com.br\/servidor\/rudinei-marques-e-o-novo-presidente-do-forum\/","title":{"rendered":"RUDINEI MARQUES \u00c9 O NOVO PRESIDENTE DO F\u00d3RUM"},"content":{"rendered":"<p>Rudinei Marques, presidente do Unacon Sindical, foi eleito novo presidente do F\u00f3rum Nacional Permanente das Carreiras T\u00edpicas de Estado (Fonacate). A elei\u00e7\u00e3o realizada durante a assembleia geral nesta ter\u00e7a-feira, 17 de novembro, definiu o Conselho Executivo e o Conselho Fiscal respons\u00e1veis pela gest\u00e3o 2016-2018. Marques, que exerceu o cargo de secret\u00e1rio-geral na gest\u00e3o anterior, foi eleito com 13 dos 23 votos. Daro Piffer, presidente do Sinal, assume a Secretaria-Geral. Nas quatro vice-presid\u00eancias, estar\u00e3o presentes Afipea Sindical, Auditar, Sinait e Aner. \u201cO nosso desafio \u00e9 qualificar ainda mais nossa interlocu\u00e7\u00e3o com os agentes pol\u00edticos do pa\u00eds e mesmo com inst\u00e2ncias internacionais. Temos que fortalecer nossa atua\u00e7\u00e3o no Congresso Nacional, aprimorar nossa rela\u00e7\u00e3o com a m\u00eddia e, ainda, desbravar caminhos de articula\u00e7\u00e3o internacional\u201d.<\/p>\n<p>&nbsp;<\/p>\n<p>Confira a nova composi\u00e7\u00e3o:<\/p>\n<p>&nbsp;<\/p>\n<p><strong>Conselho Executivo<\/strong><\/p>\n<p>Presidente:\u00a0Rudinei Marques (Unacon Sindical)<\/p>\n<p>1\u00ba Vice-Presidente (Financeiro):\u00a0F\u00e1bio\u00a0Schiavinatto (Afipea Sindical)<\/p>\n<p>2\u00ba Vice-Presidente (Administra\u00e7\u00e3o e Patrim\u00f4nio):\u00a0Paulo Martins (Auditar)<\/p>\n<p>3\u00ba Vice-Presidente (Comunica\u00e7\u00e3o):\u00a0Carlos Silva (Sinait)<\/p>\n<p>4\u00ba Vice-Presidente (Rela\u00e7\u00f5es Institucionais):\u00a0Thiago Botelho (Aner)<\/p>\n<p>Secret\u00e1rio-Geral:\u00a0Daro Piffer (Sinal)<\/p>\n<p>&nbsp;<\/p>\n<p><strong>Conselho Fiscal<\/strong><\/p>\n<p>Conselheiro Titular:\u00a0Vilson Romero (Anfip)<\/p>\n<p>Conselheiro Titular:\u00a0Manoel Isidro (Fenafisco)<\/p>\n<p>Conselheiro Titular:\u00a0Jo\u00e3o Aur\u00e9lio de Sousa (Anesp)<\/p>\n<p>Conselheiro Suplente:\u00a0Nilton Paix\u00e3o (Sindilegis)<\/p>\n<p>Conselheiro Suplente:\u00a0\u00a0Carlos Eduardo Benito (Adepol)<\/p>\n","protected":false},"excerpt":{"rendered":"<p>Rudinei Marques, presidente do Unacon Sindical, foi eleito novo presidente do F\u00f3rum Nacional Permanente das Carreiras T\u00edpicas de Estado (Fonacate). A elei\u00e7\u00e3o realizada durante a assembleia geral nesta ter\u00e7a-feira, 17 de novembro, definiu o Conselho Executivo e o Conselho Fiscal respons\u00e1veis pela gest\u00e3o 2016-2018. Marques, que exerceu o cargo de secret\u00e1rio-geral na gest\u00e3o anterior, foi eleito com 13 dos 23 [&hellip;]<\/p>\n","protected":false},"author":27,"featured_media":0,"comment_status":"open","ping_status":"closed","sticky":false,"template":"","format":"standard","meta":{"footnotes":""},"categories":[1],"tags":[55,56,82,80,81,79],"class_list":["post-610","post","type-post","status-publish","format-standard","hentry","category-sem-categoria","tag-carreiras","tag-estado","tag-fonacate","tag-marques","tag-presidente","tag-rudinei"],"_links":{"self":[{"href":"https:\/\/blogs.correiobraziliense.com.br\/servidor\/wp-json\/wp\/v2\/posts\/610","targetHints":{"allow":["GET"]}}],"collection":[{"href":"https:\/\/blogs.correiobraziliense.com.br\/servidor\/wp-json\/wp\/v2\/posts"}],"about":[{"href":"https:\/\/blogs.correiobraziliense.com.br\/servidor\/wp-json\/wp\/v2\/types\/post"}],"author":[{"embeddable":true,"href":"https:\/\/blogs.correiobraziliense.com.br\/servidor\/wp-json\/wp\/v2\/users\/27"}],"replies":[{"embeddable":true,"href":"https:\/\/blogs.correiobraziliense.com.br\/servidor\/wp-json\/wp\/v2\/comments?post=610"}],"version-history":[{"count":1,"href":"https:\/\/blogs.correiobraziliense.com.br\/servidor\/wp-json\/wp\/v2\/posts\/610\/revisions"}],"predecessor-version":[{"id":611,"href":"https:\/\/blogs.correiobraziliense.com.br\/servidor\/wp-json\/wp\/v2\/posts\/610\/revisions\/611"}],"wp:attachment":[{"href":"https:\/\/blogs.correiobraziliense.com.br\/servidor\/wp-json\/wp\/v2\/media?parent=610"}],"wp:term":[{"taxonomy":"category","embeddable":true,"href":"https:\/\/blogs.correiobraziliense.com.br\/servidor\/wp-json\/wp\/v2\/categories?post=610"},{"taxonomy":"post_tag","embeddable":true,"href":"https:\/\/blogs.correiobraziliense.com.br\/servidor\/wp-json\/wp\/v2\/tags?post=610"}],"curies":[{"name":"wp","href":"https:\/\/api.w.org\/{rel}","templated":true}]}}