{"id":6099,"date":"2017-07-25T15:08:15","date_gmt":"2017-07-25T18:08:15","guid":{"rendered":"https:\/\/blogs.correiobraziliense.com.br\/servidor\/?p=6099"},"modified":"2017-07-25T15:08:15","modified_gmt":"2017-07-25T18:08:15","slug":"desaprovacao-temer-atinge-maior-indice-de-rejeicao-com-94-revela-pesquisa-ipsos","status":"publish","type":"post","link":"https:\/\/blogs.correiobraziliense.com.br\/servidor\/desaprovacao-temer-atinge-maior-indice-de-rejeicao-com-94-revela-pesquisa-ipsos\/","title":{"rendered":"Desaprova\u00e7\u00e3o a Temer atinge maior \u00edndice de rejei\u00e7\u00e3o com 94%, revela pesquisa Ipsos"},"content":{"rendered":"<div>\n<p><i>Estudo tamb\u00e9m aponta que 95% dos entrevistados afirmam que o pa\u00eds est\u00e1 no rumo errado<\/i><\/p>\n<div>\n<p>Em julho, a avalia\u00e7\u00e3o do governo federal atingiu o pior patamar desde janeiro de 2003, segundo a pesquisa Pulso Brasil, realizada pela Ipsos. O presidente Michel Temer tamb\u00e9m alcan\u00e7ou o maior \u00edndice de reprova\u00e7\u00e3o dos brasileiros (94%). O levantamento ainda mostra que 95% dos entrevistados acreditam que o pa\u00eds est\u00e1 no rumo errado<\/p>\n<p>\u201cO levantamento confirma os altos \u00edndices de desaprova\u00e7\u00e3o do governo federal e do presidente Michel Temer. Identificamos que os efeitos da crise pol\u00edtica e da dela\u00e7\u00e3o premiada de Joesley Batista ainda se mant\u00eam. Esse quadro tende a se manter nos pr\u00f3ximos meses com a pauta do aumento de impostos e dos combust\u00edveis\u201d, comenta Danilo Cersosimo, diretor da Ipsos Public Affairs, respons\u00e1vel pelo Pulso Brasil.<\/p>\n<p>A pesquisa tamb\u00e9m analisou a popularidade de 33 nomes listados entre pol\u00edticos e personalidades p\u00fablicos. No ranking \u201cBar\u00f4metro Pol\u00edtico\u201d, Temer possui maior desaprova\u00e7\u00e3o com 94%, seguido por Eduardo Cunha (93%), A\u00e9cio Neves (90%), Renan Calheiros e Dilma Roussef empatados com 80%, e Jos\u00e9 Serra (75%).<\/p>\n<p>Por outro lado, os melhores avaliados s\u00e3o o juiz S\u00e9rgio Moro (64%), Luciano Hulck (45%) e o ex-juiz Joaquim Barbosa (44%). Na sequ\u00eancia est\u00e1 o ex-presidente Lula da Silva (29%), C\u00e1rmen L\u00facia (28%) e Rodrigo Janot (24%).<\/p>\n<p><img decoding=\"async\" id=\"img_imagem_release_1011867\" src=\"http:\/\/imagens.pressmanager.net\/images\/assessorias\/241\/2017\/07\/25\/imagem_release_1011867_medium.jpg\" alt=\"\" \/><\/p>\n<p>Outras personalidades que foram avaliadas quanto ao \u00edndice de desaprova\u00e7\u00e3o e aprova\u00e7\u00e3o s\u00e3o: Fernando Henrique Cardoso (71% e 11%, respectivamente); Geraldo Alckmin (67% e 15%, respectivamente); Antonio Palocci (65% e 3%, respectivamente); Rodrigo Maia (60% e 4%, respectivamente); Marina Silva (59% e 21%, respectivamente); Gilmar Mendes (58% e 5% respectivamente); Romero Juc\u00e1 (57% e 2%, respectivamente); Jair Bolsonaro (53% e 15%, respectivamente); Ciro Gomes (52% e 10%, respectivamente); Rom\u00e1rio (51% e 15%, respectivamente); Henrique Meirelles (50% e 5%, respectivamente); Marcelo Crivella (47% e 11%, respectivamente); Roberto Justus (47% e 17%, respectivamente); Jo\u00e3o Doria (45% e 17%, respectivamente); Paulo Skaf (45% e 6%, respectivamente); Tasso Jereissati (44% e 5%, respectivamente); Nelson Jobim (44% e 4%, respectivamente); Luciana Genro (44% e 4%, respectivamente); Ayres Brito (41% e 3%, respectivamente); Edson Fachin (41% e 15%, respectivamente) e Deltan Dallagnol (36% e 11%, respectivamente).<\/p>\n<p>Com margem de erro de 3 pontos percentuais, a pesquisa da Ipsos realizou 1.200 entrevistas presenciais em 72 munic\u00edpios brasileiros.<\/p>\n<p><strong>Sobre a Ipsos<\/strong><\/p>\n<p>A Ipsos \u00e9 uma empresa independente global na \u00e1rea de pesquisa de mercado presente em 88 pa\u00edses. A companhia tem mais de 5 mil clientes e ocupa a terceira posi\u00e7\u00e3o na ind\u00fastria de pesquisa. Maior empresa de pesquisa eleitoral do mundo, a Ipsos atua ainda nas \u00e1reas de publicidade, fideliza\u00e7\u00e3o de clientes, marketing, m\u00eddia, opini\u00e3o p\u00fablica e coleta de dados. Os pesquisadores da Ipsos avaliam o potencial do mercado e interpretam as tend\u00eancias. Desenvolvem e constroem marcas, ajudam os clientes a constru\u00edrem relacionamento de longo prazo com seus parceiros, testam publicidade e analisam audi\u00eancia, medem a opini\u00e3o p\u00fablica ao redor do mundo. Para mais informa\u00e7\u00f5es, acesse: <span id=\"OBJ_PREFIX_DWT3126_com_zimbra_url\" class=\"Object\"><span id=\"OBJ_PREFIX_DWT3140_com_zimbra_url\" class=\"Object\"><a href=\"https:\/\/www.ipsos.com\/pt-br\" target=\"_blank\">https:\/\/www.ipsos.com\/pt-br<\/a><\/span><\/span> , <span id=\"OBJ_PREFIX_DWT3127_com_zimbra_url\" class=\"Object\"><span id=\"OBJ_PREFIX_DWT3141_com_zimbra_url\" class=\"Object\"><a href=\"http:\/\/www.ipsos.com\/\" target=\"_blank\">www.ipsos.com<\/a><\/span><\/span>, <span id=\"OBJ_PREFIX_DWT3128_com_zimbra_url\" class=\"Object\"><span id=\"OBJ_PREFIX_DWT3142_com_zimbra_url\" class=\"Object\"><a href=\"https:\/\/youtu.be\/QpajPPwN4oE\" target=\"_blank\">https:\/\/youtu.be\/QpajPPwN4oE<\/a><\/span><\/span>, <span id=\"OBJ_PREFIX_DWT3129_com_zimbra_url\" class=\"Object\"><span id=\"OBJ_PREFIX_DWT3143_com_zimbra_url\" class=\"Object\"><a href=\"https:\/\/youtu.be\/EWda5jAElZ0\" target=\"_blank\">https:\/\/youtu.be\/EWda5jAElZ0<\/a><\/span><\/span> e\u00a0\u00a0 <span id=\"OBJ_PREFIX_DWT3130_com_zimbra_url\" class=\"Object\"><span id=\"OBJ_PREFIX_DWT3144_com_zimbra_url\" class=\"Object\"><a href=\"https:\/\/youtu.be\/2KgINZxhTAU\" target=\"_blank\">https:\/\/youtu.be\/2KgINZxhTAU<\/a><\/span><\/span>.<\/p>\n<\/div>\n<\/div>\n<p>&nbsp;<\/p>\n<p>Imagens relacionadas<\/p>\n<table border=\"0\">\n<tbody>\n<tr>\n<td><span id=\"OBJ_PREFIX_DWT3131_com_zimbra_url\" class=\"Object\"><span id=\"OBJ_PREFIX_DWT3145_com_zimbra_url\" class=\"Object\"><a href=\"http:\/\/imagens.pressmanager.net\/download.php?foto_id=1011867&amp;release_id=121127&amp;contato_id=1931584&amp;envio_id=394640&amp;hash=bae6c53f87047c968ced833c079cb470\" target=\"_blank\"><img decoding=\"async\" src=\"http:\/\/imagens.pressmanager.net\/images\/assessorias\/241\/2017\/07\/25\/imagem_release_1011867_small.jpg\" alt=\"\" border=\"0\" vspace=\"2\" \/><\/a><\/span><\/span><br \/>\n<span id=\"OBJ_PREFIX_DWT3132_com_zimbra_url\" class=\"Object\"><span id=\"OBJ_PREFIX_DWT3146_com_zimbra_url\" class=\"Object\"><a href=\"http:\/\/imagens.pressmanager.net\/download.php?foto_id=1011867&amp;release_id=121127&amp;contato_id=1931584&amp;envio_id=394640&amp;hash=bae6c53f87047c968ced833c079cb470\" target=\"_blank\">baixar em alta resolu\u00e7\u00e3o<\/a><\/span><\/span><\/td>\n<\/tr>\n<\/tbody>\n<\/table>\n","protected":false},"excerpt":{"rendered":"<p>Estudo tamb\u00e9m aponta que 95% dos entrevistados afirmam que o pa\u00eds est\u00e1 no rumo errado Em julho, a avalia\u00e7\u00e3o do governo federal atingiu o pior patamar desde janeiro de 2003, segundo a pesquisa Pulso Brasil, realizada pela Ipsos. O presidente Michel Temer tamb\u00e9m alcan\u00e7ou o maior \u00edndice de reprova\u00e7\u00e3o dos brasileiros (94%). O levantamento ainda mostra que 95% dos entrevistados [&hellip;]<\/p>\n","protected":false},"author":27,"featured_media":0,"comment_status":"open","ping_status":"closed","sticky":false,"template":"","format":"standard","meta":{"footnotes":""},"categories":[2719],"tags":[7658,75,3819,366,5109,7657,2527,5420,2770,1261,4468,198,187,1415,5110,165,2771,2903,1895],"class_list":["post-6099","post","type-post","status-publish","format-standard","hentry","category-servidor","tag-barometro-politico","tag-aumento","tag-combustiveis","tag-crise","tag-delacao","tag-desaprovacao","tag-entrevistados","tag-errado","tag-impostos","tag-indice","tag-ipsos","tag-pais","tag-pesquisa","tag-politica","tag-premiada","tag-ranking","tag-rejeicao","tag-rumo","tag-temer"],"_links":{"self":[{"href":"https:\/\/blogs.correiobraziliense.com.br\/servidor\/wp-json\/wp\/v2\/posts\/6099","targetHints":{"allow":["GET"]}}],"collection":[{"href":"https:\/\/blogs.correiobraziliense.com.br\/servidor\/wp-json\/wp\/v2\/posts"}],"about":[{"href":"https:\/\/blogs.correiobraziliense.com.br\/servidor\/wp-json\/wp\/v2\/types\/post"}],"author":[{"embeddable":true,"href":"https:\/\/blogs.correiobraziliense.com.br\/servidor\/wp-json\/wp\/v2\/users\/27"}],"replies":[{"embeddable":true,"href":"https:\/\/blogs.correiobraziliense.com.br\/servidor\/wp-json\/wp\/v2\/comments?post=6099"}],"version-history":[{"count":1,"href":"https:\/\/blogs.correiobraziliense.com.br\/servidor\/wp-json\/wp\/v2\/posts\/6099\/revisions"}],"predecessor-version":[{"id":6100,"href":"https:\/\/blogs.correiobraziliense.com.br\/servidor\/wp-json\/wp\/v2\/posts\/6099\/revisions\/6100"}],"wp:attachment":[{"href":"https:\/\/blogs.correiobraziliense.com.br\/servidor\/wp-json\/wp\/v2\/media?parent=6099"}],"wp:term":[{"taxonomy":"category","embeddable":true,"href":"https:\/\/blogs.correiobraziliense.com.br\/servidor\/wp-json\/wp\/v2\/categories?post=6099"},{"taxonomy":"post_tag","embeddable":true,"href":"https:\/\/blogs.correiobraziliense.com.br\/servidor\/wp-json\/wp\/v2\/tags?post=6099"}],"curies":[{"name":"wp","href":"https:\/\/api.w.org\/{rel}","templated":true}]}}