{"id":6091,"date":"2017-07-24T18:57:52","date_gmt":"2017-07-24T21:57:52","guid":{"rendered":"https:\/\/blogs.correiobraziliense.com.br\/servidor\/?p=6091"},"modified":"2017-07-24T18:57:52","modified_gmt":"2017-07-24T21:57:52","slug":"ministerio-do-planejamento-propoe-programa-de-desligamento-voluntario-para-servidores","status":"publish","type":"post","link":"https:\/\/blogs.correiobraziliense.com.br\/servidor\/ministerio-do-planejamento-propoe-programa-de-desligamento-voluntario-para-servidores\/","title":{"rendered":"Minist\u00e9rio do Planejamento prop\u00f5e Programa de Desligamento Volunt\u00e1rio para servidores"},"content":{"rendered":"<p><em>A medida vai economizar cerca de R$ 1 bilh\u00e3o por ano. Por meio de nota, o Minist\u00e9rio do Planejamento, Desenvolvimento e Gest\u00e3o est\u00e1 preparando uma proposta que define regras para um Programa de Desligamento Volunt\u00e1rio (PDV) e para a jornada de trabalho reduzida com remunera\u00e7\u00e3o proporcional para servidores p\u00fablicos\u00a0do Poder Executivo Federal<\/em><\/p>\n<p>A medida, de acordo com o \u00f3rg\u00e3o, busca aumentar a efici\u00eancia no servi\u00e7o p\u00fablico com solu\u00e7\u00f5es que racionalizem gastos p\u00fablicos e proporcionem crescimento econ\u00f4mico.\u00a0A expectativa \u00e9 que a medida possa gerar uma economia de cerca de R$ 1 bilh\u00e3o ao ano.<\/p>\n<p>Pela legisla\u00e7\u00e3o, ficou definido que o incentivo financeiro \u00e0 ades\u00e3o ao PDV ser\u00e1 de indeniza\u00e7\u00e3o correspondente a 125% da remunera\u00e7\u00e3o do servidor na data de publica\u00e7\u00e3o da exonera\u00e7\u00e3o multiplicada pelo n\u00famero de anos de efetivo exerc\u00edcio do servidor.<\/p>\n<p>A proposta prev\u00ea tamb\u00e9m que os servidores efetivos poder\u00e3o requerer a redu\u00e7\u00e3o da jornada de trabalho de oito horas di\u00e1rias e quarenta horas\u00a0semanais para seis ou quatro horas di\u00e1rias e trinta ou vinte horas semanais, respectivamente, com remunera\u00e7\u00e3o proporcional, calculada sobre o total da remunera\u00e7\u00e3o. Ser\u00e1 assegurado ainda, a quem optar pela redu\u00e7\u00e3o de jornada, o pagamento adicional de meia hora di\u00e1ria, calculada conforme regulamenta\u00e7\u00e3o a ser editada pelo Minist\u00e9rio do Planejamento, Desenvolvimento e Gest\u00e3o.<\/p>\n","protected":false},"excerpt":{"rendered":"<p>A medida vai economizar cerca de R$ 1 bilh\u00e3o por ano. Por meio de nota, o Minist\u00e9rio do Planejamento, Desenvolvimento e Gest\u00e3o est\u00e1 preparando uma proposta que define regras para um Programa de Desligamento Volunt\u00e1rio (PDV) e para a jornada de trabalho reduzida com remunera\u00e7\u00e3o proporcional para servidores p\u00fablicos\u00a0do Poder Executivo Federal A medida, de acordo com o \u00f3rg\u00e3o, busca [&hellip;]<\/p>\n","protected":false},"author":27,"featured_media":0,"comment_status":"open","ping_status":"closed","sticky":false,"template":"","format":"standard","meta":{"footnotes":""},"categories":[2719],"tags":[795,1753,2596,1033,9,908,1551,1169,1597,1037,1623,141,3086,7639,7640,5845,1620,58,1360,261],"class_list":["post-6091","post","type-post","status-publish","format-standard","hentry","category-servidor","tag-crescimento","tag-diarias","tag-economico","tag-eficiencia","tag-executivo","tag-exoneracao","tag-financeiro","tag-gastos","tag-incentivo","tag-indenizacao","tag-jornada","tag-ministerio-do-planejamento","tag-pdv","tag-programa-desligamento-voluntario","tag-proporcional","tag-reduzida","tag-remuneracao","tag-servidores","tag-solucoes","tag-trabalho"],"_links":{"self":[{"href":"https:\/\/blogs.correiobraziliense.com.br\/servidor\/wp-json\/wp\/v2\/posts\/6091","targetHints":{"allow":["GET"]}}],"collection":[{"href":"https:\/\/blogs.correiobraziliense.com.br\/servidor\/wp-json\/wp\/v2\/posts"}],"about":[{"href":"https:\/\/blogs.correiobraziliense.com.br\/servidor\/wp-json\/wp\/v2\/types\/post"}],"author":[{"embeddable":true,"href":"https:\/\/blogs.correiobraziliense.com.br\/servidor\/wp-json\/wp\/v2\/users\/27"}],"replies":[{"embeddable":true,"href":"https:\/\/blogs.correiobraziliense.com.br\/servidor\/wp-json\/wp\/v2\/comments?post=6091"}],"version-history":[{"count":1,"href":"https:\/\/blogs.correiobraziliense.com.br\/servidor\/wp-json\/wp\/v2\/posts\/6091\/revisions"}],"predecessor-version":[{"id":6092,"href":"https:\/\/blogs.correiobraziliense.com.br\/servidor\/wp-json\/wp\/v2\/posts\/6091\/revisions\/6092"}],"wp:attachment":[{"href":"https:\/\/blogs.correiobraziliense.com.br\/servidor\/wp-json\/wp\/v2\/media?parent=6091"}],"wp:term":[{"taxonomy":"category","embeddable":true,"href":"https:\/\/blogs.correiobraziliense.com.br\/servidor\/wp-json\/wp\/v2\/categories?post=6091"},{"taxonomy":"post_tag","embeddable":true,"href":"https:\/\/blogs.correiobraziliense.com.br\/servidor\/wp-json\/wp\/v2\/tags?post=6091"}],"curies":[{"name":"wp","href":"https:\/\/api.w.org\/{rel}","templated":true}]}}