{"id":6082,"date":"2017-07-24T11:43:41","date_gmt":"2017-07-24T14:43:41","guid":{"rendered":"https:\/\/blogs.correiobraziliense.com.br\/servidor\/?p=6082"},"modified":"2017-07-24T11:43:41","modified_gmt":"2017-07-24T14:43:41","slug":"ministerio-do-trabalho-nao-vai-suspender-fiscalizacao-de-trabalho-escravo","status":"publish","type":"post","link":"https:\/\/blogs.correiobraziliense.com.br\/servidor\/ministerio-do-trabalho-nao-vai-suspender-fiscalizacao-de-trabalho-escravo\/","title":{"rendered":"Minist\u00e9rio do Trabalho n\u00e3o vai suspender fiscaliza\u00e7\u00e3o de trabalho escravo"},"content":{"rendered":"<p>Por meio de nota, o Minist\u00e9rio do Trabalho informou que n\u00e3o vai suspender as a\u00e7\u00f5es de fiscaliza\u00e7\u00e3o dos trabalhos escravo e infantil em agosto, como veiculado por alguns \u00f3rg\u00e3os de imprensa. &#8220;Desde o contingenciamento de verbas determinado pelo governo federal, o Minist\u00e9rio do Trabalho vem fazendo gest\u00f5es para readequar os recursos or\u00e7ament\u00e1rios de forma a impactar o menos poss\u00edvel \u00e1reas de atua\u00e7\u00e3o priorit\u00e1rias, como a fiscaliza\u00e7\u00e3o. Al\u00e9m disso, o minist\u00e9rio esclarece que tem buscado o aperfei\u00e7oamento das a\u00e7\u00f5es, de modo a obter maior efici\u00eancia nas atividades desenvolvidas, economizando recursos sem afetar o desenvolvimento das opera\u00e7\u00f5es&#8221;, destacou a nota.<\/p>\n","protected":false},"excerpt":{"rendered":"<p>Por meio de nota, o Minist\u00e9rio do Trabalho informou que n\u00e3o vai suspender as a\u00e7\u00f5es de fiscaliza\u00e7\u00e3o dos trabalhos escravo e infantil em agosto, como veiculado por alguns \u00f3rg\u00e3os de imprensa. &#8220;Desde o contingenciamento de verbas determinado pelo governo federal, o Minist\u00e9rio do Trabalho vem fazendo gest\u00f5es para readequar os recursos or\u00e7ament\u00e1rios de forma a impactar o menos poss\u00edvel \u00e1reas [&hellip;]<\/p>\n","protected":false},"author":27,"featured_media":0,"comment_status":"open","ping_status":"closed","sticky":false,"template":"","format":"standard","meta":{"footnotes":""},"categories":[2719],"tags":[5649,1033,404,124,940,98,486,2841,686,3271,4776,7632,316,1899,261],"class_list":["post-6082","post","type-post","status-publish","format-standard","hentry","category-servidor","tag-contingenciamento","tag-eficiencia","tag-escravo","tag-federal","tag-fiscalizacao","tag-governo","tag-infantil","tag-ministerio-do-trabalho","tag-operacoes","tag-orcamentarios","tag-prioritarias","tag-readequar","tag-recursos","tag-suspender","tag-trabalho"],"_links":{"self":[{"href":"https:\/\/blogs.correiobraziliense.com.br\/servidor\/wp-json\/wp\/v2\/posts\/6082","targetHints":{"allow":["GET"]}}],"collection":[{"href":"https:\/\/blogs.correiobraziliense.com.br\/servidor\/wp-json\/wp\/v2\/posts"}],"about":[{"href":"https:\/\/blogs.correiobraziliense.com.br\/servidor\/wp-json\/wp\/v2\/types\/post"}],"author":[{"embeddable":true,"href":"https:\/\/blogs.correiobraziliense.com.br\/servidor\/wp-json\/wp\/v2\/users\/27"}],"replies":[{"embeddable":true,"href":"https:\/\/blogs.correiobraziliense.com.br\/servidor\/wp-json\/wp\/v2\/comments?post=6082"}],"version-history":[{"count":1,"href":"https:\/\/blogs.correiobraziliense.com.br\/servidor\/wp-json\/wp\/v2\/posts\/6082\/revisions"}],"predecessor-version":[{"id":6083,"href":"https:\/\/blogs.correiobraziliense.com.br\/servidor\/wp-json\/wp\/v2\/posts\/6082\/revisions\/6083"}],"wp:attachment":[{"href":"https:\/\/blogs.correiobraziliense.com.br\/servidor\/wp-json\/wp\/v2\/media?parent=6082"}],"wp:term":[{"taxonomy":"category","embeddable":true,"href":"https:\/\/blogs.correiobraziliense.com.br\/servidor\/wp-json\/wp\/v2\/categories?post=6082"},{"taxonomy":"post_tag","embeddable":true,"href":"https:\/\/blogs.correiobraziliense.com.br\/servidor\/wp-json\/wp\/v2\/tags?post=6082"}],"curies":[{"name":"wp","href":"https:\/\/api.w.org\/{rel}","templated":true}]}}