{"id":6080,"date":"2017-07-23T08:41:23","date_gmt":"2017-07-23T11:41:23","guid":{"rendered":"https:\/\/blogs.correiobraziliense.com.br\/servidor\/?p=6080"},"modified":"2017-07-21T19:50:43","modified_gmt":"2017-07-21T22:50:43","slug":"empregados-da-ebserh-farao-paralisacao-de-advertencia-no-dia-26","status":"publish","type":"post","link":"https:\/\/blogs.correiobraziliense.com.br\/servidor\/empregados-da-ebserh-farao-paralisacao-de-advertencia-no-dia-26\/","title":{"rendered":"Empregados da Ebserh far\u00e3o paralisa\u00e7\u00e3o de advert\u00eancia no dia 26"},"content":{"rendered":"<p><em>Com o acordo coletivo de trabalho (ACT) ainda sem defini\u00e7\u00e3o pela Empresa Brasileira de Servi\u00e7os Hospitalares (Ebserh), os empregados v\u00e3o cruzar os bra\u00e7os. A data-base da categoria \u00e9 1\u00ba de mar\u00e7o<\/em><\/p>\n<p>Empregados da Ebserh aprovaram em encontro nacional uma paralisa\u00e7\u00e3o de advert\u00eancia no dia 26 de julho, em todo o Brasil. A decis\u00e3o foi tomada, segundo informou a Confedera\u00e7\u00e3o Nacional dos Trabalhadores no Servi\u00e7o P\u00fablico Federal (Condsef), a partir da in\u00e9rcia do processo de negocia\u00e7\u00f5es envolvendo o ACT 2017\/2018 dos empregados. A data base da categoria \u00e9 1\u00ba de mar\u00e7o. At\u00e9 o momento, nenhum avan\u00e7o significativo aconteceu e nenhum sinal foi dado por parte da empresa que a pauta de reivindica\u00e7\u00f5es entregue ainda no final do ano passado ser\u00e1 atendida.<\/p>\n<p>As entidades devem enviar of\u00edcio direcionado \u00e0s unidades da Ebserh informando a decis\u00e3o da categoria de paralisar suas atividades no dia 26. O objetivo \u00e9 evitar o alongamento do processo negocial, como em campanhas anteriores.<\/p>\n","protected":false},"excerpt":{"rendered":"<p>Com o acordo coletivo de trabalho (ACT) ainda sem defini\u00e7\u00e3o pela Empresa Brasileira de Servi\u00e7os Hospitalares (Ebserh), os empregados v\u00e3o cruzar os bra\u00e7os. A data-base da categoria \u00e9 1\u00ba de mar\u00e7o Empregados da Ebserh aprovaram em encontro nacional uma paralisa\u00e7\u00e3o de advert\u00eancia no dia 26 de julho, em todo o Brasil. A decis\u00e3o foi tomada, segundo informou a Confedera\u00e7\u00e3o Nacional [&hellip;]<\/p>\n","protected":false},"author":27,"featured_media":0,"comment_status":"open","ping_status":"closed","sticky":false,"template":"","format":"standard","meta":{"footnotes":""},"categories":[2719],"tags":[3713,7631,1486,769,175,891,506,689],"class_list":["post-6080","post","type-post","status-publish","format-standard","hentry","category-servidor","tag-act","tag-advertencia","tag-condsef","tag-data-base","tag-ebserh","tag-empregados","tag-paralisacao","tag-reivindicacoes"],"_links":{"self":[{"href":"https:\/\/blogs.correiobraziliense.com.br\/servidor\/wp-json\/wp\/v2\/posts\/6080","targetHints":{"allow":["GET"]}}],"collection":[{"href":"https:\/\/blogs.correiobraziliense.com.br\/servidor\/wp-json\/wp\/v2\/posts"}],"about":[{"href":"https:\/\/blogs.correiobraziliense.com.br\/servidor\/wp-json\/wp\/v2\/types\/post"}],"author":[{"embeddable":true,"href":"https:\/\/blogs.correiobraziliense.com.br\/servidor\/wp-json\/wp\/v2\/users\/27"}],"replies":[{"embeddable":true,"href":"https:\/\/blogs.correiobraziliense.com.br\/servidor\/wp-json\/wp\/v2\/comments?post=6080"}],"version-history":[{"count":1,"href":"https:\/\/blogs.correiobraziliense.com.br\/servidor\/wp-json\/wp\/v2\/posts\/6080\/revisions"}],"predecessor-version":[{"id":6081,"href":"https:\/\/blogs.correiobraziliense.com.br\/servidor\/wp-json\/wp\/v2\/posts\/6080\/revisions\/6081"}],"wp:attachment":[{"href":"https:\/\/blogs.correiobraziliense.com.br\/servidor\/wp-json\/wp\/v2\/media?parent=6080"}],"wp:term":[{"taxonomy":"category","embeddable":true,"href":"https:\/\/blogs.correiobraziliense.com.br\/servidor\/wp-json\/wp\/v2\/categories?post=6080"},{"taxonomy":"post_tag","embeddable":true,"href":"https:\/\/blogs.correiobraziliense.com.br\/servidor\/wp-json\/wp\/v2\/tags?post=6080"}],"curies":[{"name":"wp","href":"https:\/\/api.w.org\/{rel}","templated":true}]}}