{"id":6071,"date":"2017-07-21T17:22:10","date_gmt":"2017-07-21T20:22:10","guid":{"rendered":"https:\/\/blogs.correiobraziliense.com.br\/servidor\/?p=6071"},"modified":"2017-07-21T18:17:07","modified_gmt":"2017-07-21T21:17:07","slug":"receita-federal-nota-sobre-emissao-de-passaportes","status":"publish","type":"post","link":"https:\/\/blogs.correiobraziliense.com.br\/servidor\/receita-federal-nota-sobre-emissao-de-passaportes\/","title":{"rendered":"Pol\u00edcia Federal vai retomar a emiss\u00e3o de passaportes"},"content":{"rendered":"<p><em>PF informa que vai retomar a emiss\u00e3o de passaportes. No per\u00edodo de suspens\u00e3o do servi\u00e7o, cerca de 175 mil pedidos n\u00e3o foram atendidos<\/em><\/p>\n<p>A Pol\u00edcia Federal informou que vai retomar a emiss\u00e3o de passaportes, suspensa desde 27 de junho, por falta de verba. No per\u00edodo em que o servi\u00e7o estava interrompido, cerca de 175 mil pessoas deixaram de ser atendidas. Ap\u00f3s muita reclama\u00e7\u00e3o de brasileiros que pretendiam viajar, o governo anunciou a libera\u00e7\u00e3o de R$ 102 milh\u00f5es. Na quarta-feira (19), o presidente Michel Temer sancionou o projeto que autorizava o cr\u00e9dito extra. Mas somente na tarde de hoje, de acordo com a PF, o limite or\u00e7ament\u00e1rio ficou dispon\u00edvel, para as \u201catividades de controle migrat\u00f3rio e emiss\u00e3o de documentos de viagem\u201d.<\/p>\n<p>Por meio de nota, a Pol\u00edcia Federal destacou que, a partir desse repasse, o processo de confec\u00e7\u00e3o das cadernetas ser\u00e1 reiniciado, sob a responsabilidade da Casa da Moeda. \u201cA Pol\u00edcia Federal trabalhar\u00e1 em parceria com a Casa da Moeda para que haja normaliza\u00e7\u00e3o da emiss\u00e3o de passaportes o mais breve poss\u00edvel. No per\u00edodo de suspens\u00e3o, foram represados cerca de 175 mil pedidos, que passar\u00e3o ser processados na ordem cronol\u00f3gica das solicita\u00e7\u00f5es\u201d, informou o \u00f3rg\u00e3o.<\/p>\n<p>Pelos c\u00e1lculos da PF, em per\u00edodos normais, diariamente s\u00e3o emitidos aproximadamente 11 mil passaportes, em todo o pa\u00eds. No ano passado, o governo arrecadou R$ 578 milh\u00f5es com o servi\u00e7o. Mas nem todo o dinheiro, segundo o \u00f3rg\u00e3o, \u00e9 repassado. Para tirar um passaporte, o brasileiro paga R$ 257,25. Mas os recursos v\u00e3o para uma conta no Banco do Brasil e ficam no Fundo para Aparelhamento e Operacionaliza\u00e7\u00e3o das Atividades-fim da Pol\u00edcia Federal (Funapol), que a PF n\u00e3o tem acesso.<\/p>\n","protected":false},"excerpt":{"rendered":"<p>PF informa que vai retomar a emiss\u00e3o de passaportes. No per\u00edodo de suspens\u00e3o do servi\u00e7o, cerca de 175 mil pedidos n\u00e3o foram atendidos A Pol\u00edcia Federal informou que vai retomar a emiss\u00e3o de passaportes, suspensa desde 27 de junho, por falta de verba. No per\u00edodo em que o servi\u00e7o estava interrompido, cerca de 175 mil pessoas deixaram de ser atendidas. [&hellip;]<\/p>\n","protected":false},"author":27,"featured_media":0,"comment_status":"open","ping_status":"closed","sticky":false,"template":"","format":"standard","meta":{"footnotes":""},"categories":[2719],"tags":[7626,2371,7628,312,1945,313,2469,319,104,7627],"class_list":["post-6071","post","type-post","status-publish","format-standard","hentry","category-servidor","tag-atendidos","tag-casa-da-moeda","tag-cronologica-normalizacao","tag-emissao","tag-ordem","tag-passaporte","tag-pedidos","tag-pf","tag-policia-federal","tag-processados"],"_links":{"self":[{"href":"https:\/\/blogs.correiobraziliense.com.br\/servidor\/wp-json\/wp\/v2\/posts\/6071","targetHints":{"allow":["GET"]}}],"collection":[{"href":"https:\/\/blogs.correiobraziliense.com.br\/servidor\/wp-json\/wp\/v2\/posts"}],"about":[{"href":"https:\/\/blogs.correiobraziliense.com.br\/servidor\/wp-json\/wp\/v2\/types\/post"}],"author":[{"embeddable":true,"href":"https:\/\/blogs.correiobraziliense.com.br\/servidor\/wp-json\/wp\/v2\/users\/27"}],"replies":[{"embeddable":true,"href":"https:\/\/blogs.correiobraziliense.com.br\/servidor\/wp-json\/wp\/v2\/comments?post=6071"}],"version-history":[{"count":4,"href":"https:\/\/blogs.correiobraziliense.com.br\/servidor\/wp-json\/wp\/v2\/posts\/6071\/revisions"}],"predecessor-version":[{"id":6075,"href":"https:\/\/blogs.correiobraziliense.com.br\/servidor\/wp-json\/wp\/v2\/posts\/6071\/revisions\/6075"}],"wp:attachment":[{"href":"https:\/\/blogs.correiobraziliense.com.br\/servidor\/wp-json\/wp\/v2\/media?parent=6071"}],"wp:term":[{"taxonomy":"category","embeddable":true,"href":"https:\/\/blogs.correiobraziliense.com.br\/servidor\/wp-json\/wp\/v2\/categories?post=6071"},{"taxonomy":"post_tag","embeddable":true,"href":"https:\/\/blogs.correiobraziliense.com.br\/servidor\/wp-json\/wp\/v2\/tags?post=6071"}],"curies":[{"name":"wp","href":"https:\/\/api.w.org\/{rel}","templated":true}]}}