{"id":6063,"date":"2017-07-21T16:14:17","date_gmt":"2017-07-21T19:14:17","guid":{"rendered":"https:\/\/blogs.correiobraziliense.com.br\/servidor\/?p=6063"},"modified":"2017-07-21T16:14:17","modified_gmt":"2017-07-21T19:14:17","slug":"juiza-reconhece-erro-em-ato-administrativo-de-desligamento-de-servidor-publico","status":"publish","type":"post","link":"https:\/\/blogs.correiobraziliense.com.br\/servidor\/juiza-reconhece-erro-em-ato-administrativo-de-desligamento-de-servidor-publico\/","title":{"rendered":"Ju\u00edza reconhece erro em ato administrativo de desligamento de servidor p\u00fablico"},"content":{"rendered":"<p>Servidores p\u00fablicos que t\u00eam o v\u00ednculo rompido com a administra\u00e7\u00e3o p\u00fablica, ainda que por pouco tempo, podem ter dor de cabe\u00e7a. Foi o que aconteceu com um trabalhador da Universidade Rural do Rio de Janeiro. Ele foi desligado ap\u00f3s ser aprovado para outro cargo p\u00fablico. Agora, conseguiu na Justi\u00e7a a declara\u00e7\u00e3o de nulidade do ato administrativo de desligamento.<\/p>\n<p>O advogado Rudi Meira Cassel, s\u00f3cio do Cassel Ruzzarin Santos Rodrigues Advogados, alegou que houve erro material da universidade. Isso porque o ato exonerou o servidor em vez de declarar a vac\u00e2ncia em raz\u00e3o de posse em cargo inacumul\u00e1vel. Segundo ele, \u201ca ruptura do v\u00ednculo com a administra\u00e7\u00e3o p\u00fablica, mesmo que por apenas dois dias, causa graves preju\u00edzos funcionais, em especial no que diz respeito \u00e0s regras previdenci\u00e1rias\u201d \u2013 o que aconteceu no caso.<\/p>\n<p>O advogado pediu a expedi\u00e7\u00e3o de uma nova Certid\u00e3o de Tempo de Servi\u00e7o para preservar o tempo de servi\u00e7o p\u00fablico junto \u00e0 Administra\u00e7\u00e3o P\u00fablica sem quaisquer rupturas. A ju\u00edza federal da 23\u00aa Vara Federal do Rio de Janeiro, Maria Am\u00e9lia Almeida Senos de Carvalho, sanou o erro material no ato administrativo de desligamento do servidor. De acordo com ela, \u00e9 cab\u00edvel a revis\u00e3o do ato da administra\u00e7\u00e3o p\u00fablica, uma vez que o servidor efetivamente buscava a vac\u00e2ncia por posse em cargo inacumul\u00e1vel e n\u00e3o a vac\u00e2ncia por exonera\u00e7\u00e3o. Da senten\u00e7a, publicada no dia 19 de julho, cabe recurso.<\/p>\n<p>Processo n\u00ba 0138483-79.2016.4.02.5101<\/p>\n","protected":false},"excerpt":{"rendered":"<p>Servidores p\u00fablicos que t\u00eam o v\u00ednculo rompido com a administra\u00e7\u00e3o p\u00fablica, ainda que por pouco tempo, podem ter dor de cabe\u00e7a. Foi o que aconteceu com um trabalhador da Universidade Rural do Rio de Janeiro. Ele foi desligado ap\u00f3s ser aprovado para outro cargo p\u00fablico. Agora, conseguiu na Justi\u00e7a a declara\u00e7\u00e3o de nulidade do ato administrativo de desligamento. O advogado [&hellip;]<\/p>\n","protected":false},"author":27,"featured_media":0,"comment_status":"open","ping_status":"closed","sticky":false,"template":"","format":"standard","meta":{"footnotes":""},"categories":[2719],"tags":[7016,21,300,1598,2282,7617,1573,132,1249,2135,6263,8,7618,7619],"class_list":["post-6063","post","type-post","status-publish","format-standard","hentry","category-servidor","tag-administrativo","tag-ato","tag-cargo","tag-desligamento","tag-erro","tag-exonerou","tag-juiza","tag-previdenciaria","tag-reconhece","tag-revisao","tag-ruptura","tag-servidor","tag-vacacia","tag-vlinculo"],"_links":{"self":[{"href":"https:\/\/blogs.correiobraziliense.com.br\/servidor\/wp-json\/wp\/v2\/posts\/6063","targetHints":{"allow":["GET"]}}],"collection":[{"href":"https:\/\/blogs.correiobraziliense.com.br\/servidor\/wp-json\/wp\/v2\/posts"}],"about":[{"href":"https:\/\/blogs.correiobraziliense.com.br\/servidor\/wp-json\/wp\/v2\/types\/post"}],"author":[{"embeddable":true,"href":"https:\/\/blogs.correiobraziliense.com.br\/servidor\/wp-json\/wp\/v2\/users\/27"}],"replies":[{"embeddable":true,"href":"https:\/\/blogs.correiobraziliense.com.br\/servidor\/wp-json\/wp\/v2\/comments?post=6063"}],"version-history":[{"count":1,"href":"https:\/\/blogs.correiobraziliense.com.br\/servidor\/wp-json\/wp\/v2\/posts\/6063\/revisions"}],"predecessor-version":[{"id":6064,"href":"https:\/\/blogs.correiobraziliense.com.br\/servidor\/wp-json\/wp\/v2\/posts\/6063\/revisions\/6064"}],"wp:attachment":[{"href":"https:\/\/blogs.correiobraziliense.com.br\/servidor\/wp-json\/wp\/v2\/media?parent=6063"}],"wp:term":[{"taxonomy":"category","embeddable":true,"href":"https:\/\/blogs.correiobraziliense.com.br\/servidor\/wp-json\/wp\/v2\/categories?post=6063"},{"taxonomy":"post_tag","embeddable":true,"href":"https:\/\/blogs.correiobraziliense.com.br\/servidor\/wp-json\/wp\/v2\/tags?post=6063"}],"curies":[{"name":"wp","href":"https:\/\/api.w.org\/{rel}","templated":true}]}}