{"id":6056,"date":"2017-07-20T18:45:02","date_gmt":"2017-07-20T21:45:02","guid":{"rendered":"https:\/\/blogs.correiobraziliense.com.br\/servidor\/?p=6056"},"modified":"2017-07-20T19:23:43","modified_gmt":"2017-07-20T22:23:43","slug":"campanha-salarial-dos-metalurgicos-comeca-nesse-sabado","status":"publish","type":"post","link":"https:\/\/blogs.correiobraziliense.com.br\/servidor\/campanha-salarial-dos-metalurgicos-comeca-nesse-sabado\/","title":{"rendered":"Campanha salarial dos metal\u00fargicos come\u00e7a nesse s\u00e1bado"},"content":{"rendered":"<p><em>O Sindicato dos Metal\u00fargicos de S\u00e3o Jos\u00e9 dos Campos e Regi\u00e3o inicia, neste <span id=\"OBJ_PREFIX_DWT1021_com_zimbra_date\" class=\"Object\"><span id=\"OBJ_PREFIX_DWT1028_com_zimbra_date\" class=\"Object\">s\u00e1bado<\/span><\/span> (22), a Campanha Salarial 2017, com uma Assembleia Geral, \u00e0s 9h. Os trabalhadores v\u00e3o discutir sobre a pauta de reivindica\u00e7\u00f5es da categoria e a resist\u00eancia aos efeitos da reforma trabalhista<\/em><\/p>\n<div>Este ano, a Campanha Salarial acontece logo ap\u00f3s a aprova\u00e7\u00e3o da reforma, que abre caminho para que acordos entre patr\u00f5es e sindicatos se sobreponham \u00e0 CLT (Consolida\u00e7\u00e3o das Leis do Trabalho). Essa medida, j\u00e1 amplamente rejeitada pelos metal\u00fargicos da regi\u00e3o, coloca em risco direitos conquistados ao longo de d\u00e9cadas, destacou o Sindicato dos Metal\u00fargicos de S\u00e3o Jos\u00e9 dos Campos.<\/div>\n<div>No 12\u00ba Congresso dos Metal\u00fargicos, nos dias 14, 15 e <span id=\"OBJ_PREFIX_DWT1022_com_zimbra_date\" class=\"Object\"><span id=\"OBJ_PREFIX_DWT1029_com_zimbra_date\" class=\"Object\">16 de julho<\/span><\/span>, uma das resolu\u00e7\u00f5es aprovadas prev\u00ea a organiza\u00e7\u00e3o e mobiliza\u00e7\u00e3o dos trabalhadores para garantir nenhum direito a menos e manuten\u00e7\u00e3o de todas as cl\u00e1usulas sociais da atual Conven\u00e7\u00e3o Coletiva e da CLT.<\/div>\n<div><\/div>\n<div>A data-base da categoria \u00e9 1\u00ba de setembro e a campanha \u00e9 unificada entre os sindicatos de S\u00e3o Jos\u00e9 dos Campos, Campinas, Limeira e Santos.<\/div>\n<div><\/div>\n<div>\n<div>A base do Sindicato dos Metal\u00fargicos de S\u00e3o Jos\u00e9 dos Campos, filiado \u00e0 CSP-Conlutas, temi cerca de 35 mil trabalhadores e abrange as cidades de Jacare\u00ed, Ca\u00e7apava, Santa Branca e Igarat\u00e1.<\/div>\n<div><\/div>\n<div>Entre as centenas de f\u00e1bricas da regi\u00e3o est\u00e3o General Motors, Embraer, Avibras, Chery, JC Hitachi, Panasonic e Gerdau.<\/div>\n<div><\/div>\n<div>\u201cEsta ser\u00e1 uma Campanha Salarial que exigir\u00e1 muita luta dos trabalhadores. N\u00e3o vamos deixar passar retirada de direitos. Certamente os empres\u00e1rios vir\u00e3o para a mesa de negocia\u00e7\u00e3o tentando arrancar o m\u00e1ximo, contando com o suporte dado pela reforma trabalhista. Mas os metal\u00fargicos v\u00e3o resistir. Aqui a reforma do governo Temer n\u00e3o passar\u00e1\u201d, afirma o presidente do Sindicato, Ant\u00f4nio Ferreira de Barros, o Macap\u00e1.<\/div>\n<div><\/div>\n<div>A Assembleia Geral ser\u00e1 na subsede do Sindicato dos Metal\u00fargicos, \u00e0 Rua Monte Azul, 924, Ch\u00e1caras Reunidas.<\/div>\n<\/div>\n","protected":false},"excerpt":{"rendered":"<p>O Sindicato dos Metal\u00fargicos de S\u00e3o Jos\u00e9 dos Campos e Regi\u00e3o inicia, neste s\u00e1bado (22), a Campanha Salarial 2017, com uma Assembleia Geral, \u00e0s 9h. Os trabalhadores v\u00e3o discutir sobre a pauta de reivindica\u00e7\u00f5es da categoria e a resist\u00eancia aos efeitos da reforma trabalhista Este ano, a Campanha Salarial acontece logo ap\u00f3s a aprova\u00e7\u00e3o da reforma, que abre caminho para [&hellip;]<\/p>\n","protected":false},"author":27,"featured_media":0,"comment_status":"open","ping_status":"closed","sticky":false,"template":"","format":"standard","meta":{"footnotes":""},"categories":[2719],"tags":[2047,518,305,379,2272,2491,891,128,678,711,689,1043,18,19,2157],"class_list":["post-6056","post","type-post","status-publish","format-standard","hentry","category-servidor","tag-acordos","tag-assembleia","tag-campanha","tag-categoria","tag-clt","tag-efeitos","tag-empregados","tag-metalurgicos","tag-patroes","tag-reforma","tag-reivindicacoes","tag-resistencia","tag-salarial","tag-trabalhadores","tag-trabalhista"],"_links":{"self":[{"href":"https:\/\/blogs.correiobraziliense.com.br\/servidor\/wp-json\/wp\/v2\/posts\/6056","targetHints":{"allow":["GET"]}}],"collection":[{"href":"https:\/\/blogs.correiobraziliense.com.br\/servidor\/wp-json\/wp\/v2\/posts"}],"about":[{"href":"https:\/\/blogs.correiobraziliense.com.br\/servidor\/wp-json\/wp\/v2\/types\/post"}],"author":[{"embeddable":true,"href":"https:\/\/blogs.correiobraziliense.com.br\/servidor\/wp-json\/wp\/v2\/users\/27"}],"replies":[{"embeddable":true,"href":"https:\/\/blogs.correiobraziliense.com.br\/servidor\/wp-json\/wp\/v2\/comments?post=6056"}],"version-history":[{"count":3,"href":"https:\/\/blogs.correiobraziliense.com.br\/servidor\/wp-json\/wp\/v2\/posts\/6056\/revisions"}],"predecessor-version":[{"id":6059,"href":"https:\/\/blogs.correiobraziliense.com.br\/servidor\/wp-json\/wp\/v2\/posts\/6056\/revisions\/6059"}],"wp:attachment":[{"href":"https:\/\/blogs.correiobraziliense.com.br\/servidor\/wp-json\/wp\/v2\/media?parent=6056"}],"wp:term":[{"taxonomy":"category","embeddable":true,"href":"https:\/\/blogs.correiobraziliense.com.br\/servidor\/wp-json\/wp\/v2\/categories?post=6056"},{"taxonomy":"post_tag","embeddable":true,"href":"https:\/\/blogs.correiobraziliense.com.br\/servidor\/wp-json\/wp\/v2\/tags?post=6056"}],"curies":[{"name":"wp","href":"https:\/\/api.w.org\/{rel}","templated":true}]}}