{"id":6048,"date":"2017-07-19T17:50:57","date_gmt":"2017-07-19T20:50:57","guid":{"rendered":"https:\/\/blogs.correiobraziliense.com.br\/servidor\/?p=6048"},"modified":"2017-07-19T17:50:57","modified_gmt":"2017-07-19T20:50:57","slug":"centrais-sindicais-se-reunem-amanha-com-michel-temer","status":"publish","type":"post","link":"https:\/\/blogs.correiobraziliense.com.br\/servidor\/centrais-sindicais-se-reunem-amanha-com-michel-temer\/","title":{"rendered":"Centrais sindicais se re\u00fanem amanh\u00e3 com Michel Temer"},"content":{"rendered":"<p><em>UGT, For\u00e7a Sindical e NCST se encontram amanh\u00e3 (20) com o presidente Michel Temer, \u00e0s 14 horas, no Pal\u00e1cio do Planalto<\/em><\/p>\n<p>Continua em pauta a reforma trabalhista. Os l\u00edderes sindicais v\u00e3o tentar amenizar os efeitos das mudan\u00e7as na Consolida\u00e7\u00e3o das Leis do Trabalho (CLT) que, segundo eles, prejudicam o funcion\u00e1rio e as rela\u00e7\u00f5es entre patr\u00f5es e empregados. Os temas que ser\u00e3o abordados, que poder\u00e3o fazer parte de uma Medida Provis\u00f3ria (MP) do Executivo, ser\u00e3o trabalho intermitente, trabalho insalubre para gr\u00e1vidas e como ficar\u00e1 a representa\u00e7\u00e3o sindical em empresas com mais de 10 funcion\u00e1rios, que a reforma passou a permitir que seja direto entre as partes.<\/p>\n","protected":false},"excerpt":{"rendered":"<p>UGT, For\u00e7a Sindical e NCST se encontram amanh\u00e3 (20) com o presidente Michel Temer, \u00e0s 14 horas, no Pal\u00e1cio do Planalto Continua em pauta a reforma trabalhista. Os l\u00edderes sindicais v\u00e3o tentar amenizar os efeitos das mudan\u00e7as na Consolida\u00e7\u00e3o das Leis do Trabalho (CLT) que, segundo eles, prejudicam o funcion\u00e1rio e as rela\u00e7\u00f5es entre patr\u00f5es e empregados. Os temas que [&hellip;]<\/p>\n","protected":false},"author":27,"featured_media":0,"comment_status":"open","ping_status":"closed","sticky":false,"template":"","format":"standard","meta":{"footnotes":""},"categories":[2719],"tags":[1259,2272,2874,270,7390,7388,2474,853,3473,711,4684,1260,2157],"class_list":["post-6048","post","type-post","status-publish","format-standard","hentry","category-servidor","tag-centrais","tag-clt","tag-encontro","tag-gravidas","tag-insalubre","tag-intermitente","tag-michel-temer","tag-mp","tag-palacio-do-planalto","tag-reforma","tag-representacao","tag-sindicais","tag-trabalhista"],"_links":{"self":[{"href":"https:\/\/blogs.correiobraziliense.com.br\/servidor\/wp-json\/wp\/v2\/posts\/6048","targetHints":{"allow":["GET"]}}],"collection":[{"href":"https:\/\/blogs.correiobraziliense.com.br\/servidor\/wp-json\/wp\/v2\/posts"}],"about":[{"href":"https:\/\/blogs.correiobraziliense.com.br\/servidor\/wp-json\/wp\/v2\/types\/post"}],"author":[{"embeddable":true,"href":"https:\/\/blogs.correiobraziliense.com.br\/servidor\/wp-json\/wp\/v2\/users\/27"}],"replies":[{"embeddable":true,"href":"https:\/\/blogs.correiobraziliense.com.br\/servidor\/wp-json\/wp\/v2\/comments?post=6048"}],"version-history":[{"count":1,"href":"https:\/\/blogs.correiobraziliense.com.br\/servidor\/wp-json\/wp\/v2\/posts\/6048\/revisions"}],"predecessor-version":[{"id":6049,"href":"https:\/\/blogs.correiobraziliense.com.br\/servidor\/wp-json\/wp\/v2\/posts\/6048\/revisions\/6049"}],"wp:attachment":[{"href":"https:\/\/blogs.correiobraziliense.com.br\/servidor\/wp-json\/wp\/v2\/media?parent=6048"}],"wp:term":[{"taxonomy":"category","embeddable":true,"href":"https:\/\/blogs.correiobraziliense.com.br\/servidor\/wp-json\/wp\/v2\/categories?post=6048"},{"taxonomy":"post_tag","embeddable":true,"href":"https:\/\/blogs.correiobraziliense.com.br\/servidor\/wp-json\/wp\/v2\/tags?post=6048"}],"curies":[{"name":"wp","href":"https:\/\/api.w.org\/{rel}","templated":true}]}}