{"id":6045,"date":"2017-07-19T15:23:09","date_gmt":"2017-07-19T18:23:09","guid":{"rendered":"https:\/\/blogs.correiobraziliense.com.br\/servidor\/?p=6045"},"modified":"2017-07-19T15:23:34","modified_gmt":"2017-07-19T18:23:34","slug":"ferroviarios-da-cptm-entram-em-estado-de-greve-e-vao-parar-todas-as-linhas-em-1o-de-agosto","status":"publish","type":"post","link":"https:\/\/blogs.correiobraziliense.com.br\/servidor\/ferroviarios-da-cptm-entram-em-estado-de-greve-e-vao-parar-todas-as-linhas-em-1o-de-agosto\/","title":{"rendered":"Ferrovi\u00e1rios da CPTM entram em estado de greve e v\u00e3o parar todas as linhas de SP em 1\u00ba de agosto"},"content":{"rendered":"<p><em>Os quatro sindicatos que representam os ferrovi\u00e1rios das 6 linhas da Companhia Paulista de Trens Metropolitanos (CPTM), se reuniram em assembleia, nesta ter\u00e7a-feira (18\/07), para discutir a decis\u00e3o da empresa de reduzir a tabela salarial em 3,51% , referente ao diss\u00eddio coletivo de 2011. Decidiram entrar em estado de greve<br \/>\n<\/em><\/p>\n<p>\u201cO Sindicato da Sorocabana, representante dos trabalhadores das linhas 8 e 9 da CPTM, entende que a posi\u00e7\u00e3o da CPTM viola os princ\u00edpios constitucionais e os preceitos da CLT quanto \u00e0 inalterabilidade contratual. Trata-se de uma atitude arbitr\u00e1ria, um verdadeiro golpe contra essa categoria, t\u00e3o importante para o funcionamento do transporte na Grande S\u00e3o Paulo. A decis\u00e3o coletiva dos quatro sindicatos \u00e9 que se a CPTM mantiver essa postura e cumprir a promessa de reduzir a tabela salarial vigente, a categoria parar\u00e1 em greve por tempo indeterminado. Com essa posi\u00e7\u00e3o, a empresa mostra desrespeito pelas pessoas que trabalham. Esperamos que, no m\u00ednimo, tenha respeito pela lei\u201d, enfatiza Rogerio Santos, diretor do Sindicato da Sorocaba.<\/p>\n<p>A categoria voltar\u00e1 a se reunir em assembleia no dia 31 de julho, \u00e0s 18h.<\/p>\n","protected":false},"excerpt":{"rendered":"<p>Os quatro sindicatos que representam os ferrovi\u00e1rios das 6 linhas da Companhia Paulista de Trens Metropolitanos (CPTM), se reuniram em assembleia, nesta ter\u00e7a-feira (18\/07), para discutir a decis\u00e3o da empresa de reduzir a tabela salarial em 3,51% , referente ao diss\u00eddio coletivo de 2011. Decidiram entrar em estado de greve \u201cO Sindicato da Sorocabana, representante dos trabalhadores das linhas 8 [&hellip;]<\/p>\n","protected":false},"author":27,"featured_media":0,"comment_status":"open","ping_status":"closed","sticky":false,"template":"","format":"standard","meta":{"footnotes":""},"categories":[2719],"tags":[7604,2826,2272,3363,7603,4762,2986,56,3711,942,7605,15,102,3615,1888,1195,18,1673,354,3714],"class_list":["post-6045","post","type-post","status-publish","format-standard","hentry","category-servidor","tag-7604","tag-agosto","tag-clt","tag-coletivo","tag-cptm","tag-dissidio","tag-empresa","tag-estado","tag-ferroviarios","tag-funcionamento","tag-golpe","tag-greve","tag-lei","tag-linhas","tag-parar","tag-reduzir","tag-salarial","tag-sao-paulo","tag-tabela","tag-transporte"],"_links":{"self":[{"href":"https:\/\/blogs.correiobraziliense.com.br\/servidor\/wp-json\/wp\/v2\/posts\/6045","targetHints":{"allow":["GET"]}}],"collection":[{"href":"https:\/\/blogs.correiobraziliense.com.br\/servidor\/wp-json\/wp\/v2\/posts"}],"about":[{"href":"https:\/\/blogs.correiobraziliense.com.br\/servidor\/wp-json\/wp\/v2\/types\/post"}],"author":[{"embeddable":true,"href":"https:\/\/blogs.correiobraziliense.com.br\/servidor\/wp-json\/wp\/v2\/users\/27"}],"replies":[{"embeddable":true,"href":"https:\/\/blogs.correiobraziliense.com.br\/servidor\/wp-json\/wp\/v2\/comments?post=6045"}],"version-history":[{"count":2,"href":"https:\/\/blogs.correiobraziliense.com.br\/servidor\/wp-json\/wp\/v2\/posts\/6045\/revisions"}],"predecessor-version":[{"id":6047,"href":"https:\/\/blogs.correiobraziliense.com.br\/servidor\/wp-json\/wp\/v2\/posts\/6045\/revisions\/6047"}],"wp:attachment":[{"href":"https:\/\/blogs.correiobraziliense.com.br\/servidor\/wp-json\/wp\/v2\/media?parent=6045"}],"wp:term":[{"taxonomy":"category","embeddable":true,"href":"https:\/\/blogs.correiobraziliense.com.br\/servidor\/wp-json\/wp\/v2\/categories?post=6045"},{"taxonomy":"post_tag","embeddable":true,"href":"https:\/\/blogs.correiobraziliense.com.br\/servidor\/wp-json\/wp\/v2\/tags?post=6045"}],"curies":[{"name":"wp","href":"https:\/\/api.w.org\/{rel}","templated":true}]}}