{"id":6021,"date":"2017-07-18T19:46:15","date_gmt":"2017-07-18T22:46:15","guid":{"rendered":"https:\/\/blogs.correiobraziliense.com.br\/servidor\/?p=6021"},"modified":"2017-07-18T19:46:15","modified_gmt":"2017-07-18T22:46:15","slug":"vale-informa-sobre-suspensao-de-acao-civil-publica-movida-pelo-mpf","status":"publish","type":"post","link":"https:\/\/blogs.correiobraziliense.com.br\/servidor\/vale-informa-sobre-suspensao-de-acao-civil-publica-movida-pelo-mpf\/","title":{"rendered":"Vale informa sobre suspens\u00e3o de a\u00e7\u00e3o civil p\u00fablica movida pelo MPF"},"content":{"rendered":"<p>De acordo com fato relevante de 30 de junho de 2017, relativo ao Termo de Ajustamento Preliminar entre Samarco Minera\u00e7\u00e3o S.A., suas acionistas, a Vale e a BHP Billiton Brasil Ltda., e o Minist\u00e9rio P\u00fablico Federal sobre a negocia\u00e7\u00e3o de acordo final, especialmente em rela\u00e7\u00e3o \u00e0s a\u00e7\u00f5es civis p\u00fablicas movidas pela Uni\u00e3o Federal, Estados de MG e ES e outras autoridades governamentais, e pelo Minist\u00e9rio P\u00fablico Federal (MPF), ambas decorrentes do rompimento da Barragem de Fund\u00e3o da Samarco, por meio do qual a 12\u00aa Vara Federal C\u00edvel\/Agr\u00e1ria de MG prorrogou o prazo para celebra\u00e7\u00e3o do acordo final para 30 de outubro de 2017, mantendo durante esse per\u00edodo de prorroga\u00e7\u00e3o as garantias acordadas no acordo preliminar e a contrata\u00e7\u00e3o de empresas especializadas para monitorar os programas em implementa\u00e7\u00e3o pela Funda\u00e7\u00e3o Renova.<\/p>\n<p>Em complementa\u00e7\u00e3o a tal fato relevante, informamos que em 17 de julho de 2017 o juiz determinou por prazo indefinido a suspens\u00e3o da a\u00e7\u00e3o movida pelo MPF. A decis\u00e3o anterior com rela\u00e7\u00e3o \u00e0 negocia\u00e7\u00e3o de acordo final continua em vigor e as tratativas em rela\u00e7\u00e3o a acordo final continuam em andamento.<\/p>\n","protected":false},"excerpt":{"rendered":"<p>De acordo com fato relevante de 30 de junho de 2017, relativo ao Termo de Ajustamento Preliminar entre Samarco Minera\u00e7\u00e3o S.A., suas acionistas, a Vale e a BHP Billiton Brasil Ltda., e o Minist\u00e9rio P\u00fablico Federal sobre a negocia\u00e7\u00e3o de acordo final, especialmente em rela\u00e7\u00e3o \u00e0s a\u00e7\u00f5es civis p\u00fablicas movidas pela Uni\u00e3o Federal, Estados de MG e ES e outras [&hellip;]<\/p>\n","protected":false},"author":27,"featured_media":0,"comment_status":"open","ping_status":"closed","sticky":false,"template":"","format":"standard","meta":{"footnotes":""},"categories":[2719],"tags":[176,1319,172,4975,7562,4861,7561,1632,453,1636,818,147,2269,2423,330,2264],"class_list":["post-6021","post","type-post","status-publish","format-standard","hentry","category-servidor","tag-acao","tag-civil","tag-contratacao","tag-es","tag-fundacao-renova","tag-garantias","tag-mg","tag-monitorar","tag-mpf","tag-programas","tag-prorrogacao","tag-publica","tag-samarco","tag-suspensao","tag-uniao","tag-vale"],"_links":{"self":[{"href":"https:\/\/blogs.correiobraziliense.com.br\/servidor\/wp-json\/wp\/v2\/posts\/6021","targetHints":{"allow":["GET"]}}],"collection":[{"href":"https:\/\/blogs.correiobraziliense.com.br\/servidor\/wp-json\/wp\/v2\/posts"}],"about":[{"href":"https:\/\/blogs.correiobraziliense.com.br\/servidor\/wp-json\/wp\/v2\/types\/post"}],"author":[{"embeddable":true,"href":"https:\/\/blogs.correiobraziliense.com.br\/servidor\/wp-json\/wp\/v2\/users\/27"}],"replies":[{"embeddable":true,"href":"https:\/\/blogs.correiobraziliense.com.br\/servidor\/wp-json\/wp\/v2\/comments?post=6021"}],"version-history":[{"count":1,"href":"https:\/\/blogs.correiobraziliense.com.br\/servidor\/wp-json\/wp\/v2\/posts\/6021\/revisions"}],"predecessor-version":[{"id":6022,"href":"https:\/\/blogs.correiobraziliense.com.br\/servidor\/wp-json\/wp\/v2\/posts\/6021\/revisions\/6022"}],"wp:attachment":[{"href":"https:\/\/blogs.correiobraziliense.com.br\/servidor\/wp-json\/wp\/v2\/media?parent=6021"}],"wp:term":[{"taxonomy":"category","embeddable":true,"href":"https:\/\/blogs.correiobraziliense.com.br\/servidor\/wp-json\/wp\/v2\/categories?post=6021"},{"taxonomy":"post_tag","embeddable":true,"href":"https:\/\/blogs.correiobraziliense.com.br\/servidor\/wp-json\/wp\/v2\/tags?post=6021"}],"curies":[{"name":"wp","href":"https:\/\/api.w.org\/{rel}","templated":true}]}}