{"id":6013,"date":"2017-07-18T16:46:31","date_gmt":"2017-07-18T19:46:31","guid":{"rendered":"https:\/\/blogs.correiobraziliense.com.br\/servidor\/?p=6013"},"modified":"2017-07-18T16:46:31","modified_gmt":"2017-07-18T19:46:31","slug":"ministros-da-fazenda-planejamento-e-banco-central-e-o-presidente-do-bndes-reafirmam-compromisso-com-criacao-da-tlp","status":"publish","type":"post","link":"https:\/\/blogs.correiobraziliense.com.br\/servidor\/ministros-da-fazenda-planejamento-e-banco-central-e-o-presidente-do-bndes-reafirmam-compromisso-com-criacao-da-tlp\/","title":{"rendered":"Ministros da Fazenda, Planejamento e Banco Central e o Presidente do BNDES reafirmam compromisso com a cria\u00e7\u00e3o da TLP"},"content":{"rendered":"<p>Por meio de nota, o Minist\u00e9rio da Fazenda informou que os ministros da Fazenda, Henrique Meirelles, do Planejamento, Dyogo Oliveira, o presidente do Banco Central, Ilan Goldfajn, e o presidente do BNDES, Paulo Rabello de Castro, se reuniram nesta ter\u00e7a-feira (18\/07) para tratar da Medida Provis\u00f3ria 777, que cria a Taxa de Longo Prazo (TLP). Ao final do encontro, os quatro reafirmam compromisso m\u00fatuo com a medida e sua import\u00e2ncia para o Pa\u00eds.<\/p>\n<p>Em conjunto, eles destacaram os benef\u00edcios da TLP para o desenvolvimento econ\u00f4mico e social do Brasil:<\/p>\n<ol>\n<li>a)\u00a0\u00a0\u00a0\u00a0\u00a0\u00a0Proteger\u00e1 o trabalhador.\u00a0Ao melhorar a remunera\u00e7\u00e3o do Fundo de Amparo ao Trabalhador, que hoje \u00e9 deficit\u00e1rio, eliminando o risco de descontinuidade ou redu\u00e7\u00e3o das pol\u00edticas de assist\u00eancia ao trabalhador.\n<p>b)\u00a0\u00a0\u00a0\u00a0\u00a0\u00a0Contribuir\u00e1 para o equil\u00edbrio fiscal.Ao melhorar a rentabilidade dos recursos p\u00fablicos,\u00a0oriundos de receita tribut\u00e1ria,\u00a0que formam os fundos abrangidos pela medida.<\/li>\n<li>c)\u00a0\u00a0\u00a0\u00a0\u00a0\u00a0\u00a0Contribuir\u00e1 para aumentar a pot\u00eancia da pol\u00edtica monet\u00e1ria e para a redu\u00e7\u00e3o da taxa de juros estrutural da economia brasileira. Ao reduzir o volume de cr\u00e9dito alheio aos efeitos do principal instrumento de pol\u00edtica monet\u00e1ria, a TLP permitir\u00e1 a redu\u00e7\u00e3o na taxa estrutural de juros, com reflexos positivos na diminui\u00e7\u00e3o do custo do cr\u00e9dito no Pa\u00eds.\n<p>d)\u00a0\u00a0\u00a0\u00a0\u00a0\u00a0Democratizar\u00e1 o cr\u00e9dito mais barato. Considerando que atualmente uma parcela pequena das empresas tem acesso a cr\u00e9dito subsidiado, a redu\u00e7\u00e3o do custo do cr\u00e9dito para todas as empresas ter\u00e1 importante efeito distributivo de renda, melhor alcan\u00e7ando setores e regi\u00f5es menos privilegiados.<\/p>\n<p>e)\u00a0\u00a0\u00a0\u00a0\u00a0\u00a0Fomentar\u00e1 o financiamento privado de longo prazo e o mercado de capitais. A redu\u00e7\u00e3o da diferen\u00e7a entre a taxa de longo prazo praticada pelo BNDES e por financiadores privados, aproximando-as \u00e0 taxa corrente de capta\u00e7\u00e3o do Tesouro Nacional, atrair\u00e1 agentes privados ao mercado de longo prazo. Tamb\u00e9m ampliar\u00e1 as op\u00e7\u00f5es aos tomadores e fomentar\u00e1 o mercado secund\u00e1rio de securitiza\u00e7\u00e3o de cr\u00e9ditos de longo prazo, potencializando o funding para o setor.<\/p>\n<p>f)\u00a0\u00a0\u00a0\u00a0\u00a0\u00a0\u00a0Permitir\u00e1 ao BNDES contar com o mercado secund\u00e1rio de securitiza\u00e7\u00e3o de cr\u00e9ditos de longo prazo, o que ampliar\u00e1 a disponibilidade e liquidez de recursos para o financiamento de projetos de longo prazo no Pa\u00eds.<\/p>\n<p>g) Estimular\u00e1 o BNDES a buscar fontes mais baratas de financiamento, tanto no mercado dom\u00e9stico quanto, especialmente, no mercado internacional, que disp\u00f5e de recursos amplos para tal.<\/li>\n<\/ol>\n<p>No intuito de colaborar tecnicamente para a an\u00e1lise da MP 777 pelo Congresso Nacional, nos pr\u00f3ximos dias ser\u00e1 enviada uma Nota T\u00e9cnica conjunta ao relator da Comiss\u00e3o Mista da MP 777, Deputado Betinho Gomes (PSDB-PE), com esclarecimentos sobre a medida.<\/p>\n<p>&nbsp;<\/p>\n<p>Henrique Meirelles \u2013 Ministro da Fazenda<br \/>\nDyogo Oliveira \u2013 Ministro do Planejamento<br \/>\nIlan Goldfajn &#8211; Presidente do Banco Central do Brasil<br \/>\nPaulo Rabello de Castro \u2013 Presidente do BNDES<\/p>\n<p>&#8211;<\/p>\n","protected":false},"excerpt":{"rendered":"<p>Por meio de nota, o Minist\u00e9rio da Fazenda informou que os ministros da Fazenda, Henrique Meirelles, do Planejamento, Dyogo Oliveira, o presidente do Banco Central, Ilan Goldfajn, e o presidente do BNDES, Paulo Rabello de Castro, se reuniram nesta ter\u00e7a-feira (18\/07) para tratar da Medida Provis\u00f3ria 777, que cria a Taxa de Longo Prazo (TLP). Ao final do encontro, os [&hellip;]<\/p>\n","protected":false},"author":27,"featured_media":0,"comment_status":"open","ping_status":"closed","sticky":false,"template":"","format":"standard","meta":{"footnotes":""},"categories":[2719],"tags":[7556,1236,2739,881,1767,2112,390,1803,1912,302,3362,67,1102,7557,33,7555,3,24,316,358,6767,1212,6756,7554,3088],"class_list":["post-6013","post","type-post","status-publish","format-standard","hentry","category-servidor","tag-asistencia","tag-banco-central","tag-bndes","tag-compromisso","tag-credito","tag-criacao","tag-empresas","tag-equilibrio","tag-fat","tag-fazenda","tag-financiamento","tag-fiscal","tag-juros","tag-liquidez","tag-ministros","tag-mp-777","tag-planejamento","tag-publicos","tag-recursos","tag-renda","tag-rentabilidade","tag-risco","tag-securitizacao","tag-tlp","tag-trabalhador"],"_links":{"self":[{"href":"https:\/\/blogs.correiobraziliense.com.br\/servidor\/wp-json\/wp\/v2\/posts\/6013","targetHints":{"allow":["GET"]}}],"collection":[{"href":"https:\/\/blogs.correiobraziliense.com.br\/servidor\/wp-json\/wp\/v2\/posts"}],"about":[{"href":"https:\/\/blogs.correiobraziliense.com.br\/servidor\/wp-json\/wp\/v2\/types\/post"}],"author":[{"embeddable":true,"href":"https:\/\/blogs.correiobraziliense.com.br\/servidor\/wp-json\/wp\/v2\/users\/27"}],"replies":[{"embeddable":true,"href":"https:\/\/blogs.correiobraziliense.com.br\/servidor\/wp-json\/wp\/v2\/comments?post=6013"}],"version-history":[{"count":1,"href":"https:\/\/blogs.correiobraziliense.com.br\/servidor\/wp-json\/wp\/v2\/posts\/6013\/revisions"}],"predecessor-version":[{"id":6014,"href":"https:\/\/blogs.correiobraziliense.com.br\/servidor\/wp-json\/wp\/v2\/posts\/6013\/revisions\/6014"}],"wp:attachment":[{"href":"https:\/\/blogs.correiobraziliense.com.br\/servidor\/wp-json\/wp\/v2\/media?parent=6013"}],"wp:term":[{"taxonomy":"category","embeddable":true,"href":"https:\/\/blogs.correiobraziliense.com.br\/servidor\/wp-json\/wp\/v2\/categories?post=6013"},{"taxonomy":"post_tag","embeddable":true,"href":"https:\/\/blogs.correiobraziliense.com.br\/servidor\/wp-json\/wp\/v2\/tags?post=6013"}],"curies":[{"name":"wp","href":"https:\/\/api.w.org\/{rel}","templated":true}]}}