{"id":6001,"date":"2017-07-18T11:59:32","date_gmt":"2017-07-18T14:59:32","guid":{"rendered":"https:\/\/blogs.correiobraziliense.com.br\/servidor\/?p=6001"},"modified":"2017-07-18T11:59:32","modified_gmt":"2017-07-18T14:59:32","slug":"icmc-contrata-professor-temporario-na-area-de-otimizacao","status":"publish","type":"post","link":"https:\/\/blogs.correiobraziliense.com.br\/servidor\/icmc-contrata-professor-temporario-na-area-de-otimizacao\/","title":{"rendered":"ICMC contrata professor tempor\u00e1rio na \u00e1rea de otimiza\u00e7\u00e3o"},"content":{"rendered":"<div>O Instituto de Ci\u00eancias Matem\u00e1ticas e de Computa\u00e7\u00e3o (ICMC) da USP, em S\u00e3o Carlos, est\u00e1 recebendo inscri\u00e7\u00f5es no processo seletivo para contrata\u00e7\u00e3o de um docente tempor\u00e1rio na \u00e1rea de otimiza\u00e7\u00e3o. O professor atuar\u00e1 no Departamento de Matem\u00e1tica Aplicada e Estat\u00edstica, ser\u00e1 contratado com jornada de 12 horas semanais e sal\u00e1rio de R$ 1.849,66 (para o contratado com t\u00edtulo de doutor) e R$ 1.322,41 (para o contratado com t\u00edtulo de mestre), al\u00e9m de aux\u00edlio alimenta\u00e7\u00e3o no valor de R$ 690,00 e assist\u00eancia m\u00e9dica.<\/div>\n<div><\/div>\n<div>As inscri\u00e7\u00f5es devem ser realizadas exclusivamente via internet at\u00e9 \u00e0s 17 horas do dia <span id=\"OBJ_PREFIX_DWT709_com_zimbra_date\" class=\"Object\"><span id=\"OBJ_PREFIX_DWT719_com_zimbra_date\" class=\"Object\">27 de julho<\/span><\/span> (hor\u00e1rio oficial de Bras\u00edlia) por meio deste link: <span id=\"OBJ_PREFIX_DWT710_com_zimbra_url\" class=\"Object\"><span id=\"OBJ_PREFIX_DWT720_com_zimbra_url\" class=\"Object\"><a href=\"https:\/\/uspdigital.usp.br\/gr\/admissao\" target=\"_blank\">https:\/\/uspdigital.usp.br\/gr\/admissao<\/a><\/span><\/span>. Para obter mais detalhes sobre prazos, provas e documenta\u00e7\u00f5es, acesse o edital completo: <span id=\"OBJ_PREFIX_DWT711_com_zimbra_url\" class=\"Object\"><span id=\"OBJ_PREFIX_DWT721_com_zimbra_url\" class=\"Object\"><a href=\"http:\/\/www.icmc.usp.br\/e\/e85a8\" target=\"_blank\">icmc.usp.br\/e\/e85a8<\/a><\/span><\/span><\/div>\n<div><b><br \/>\n<\/b><\/div>\n","protected":false},"excerpt":{"rendered":"<p>O Instituto de Ci\u00eancias Matem\u00e1ticas e de Computa\u00e7\u00e3o (ICMC) da USP, em S\u00e3o Carlos, est\u00e1 recebendo inscri\u00e7\u00f5es no processo seletivo para contrata\u00e7\u00e3o de um docente tempor\u00e1rio na \u00e1rea de otimiza\u00e7\u00e3o. O professor atuar\u00e1 no Departamento de Matem\u00e1tica Aplicada e Estat\u00edstica, ser\u00e1 contratado com jornada de 12 horas semanais e sal\u00e1rio de R$ 1.849,66 (para o contratado com t\u00edtulo de doutor) [&hellip;]<\/p>\n","protected":false},"author":27,"featured_media":0,"comment_status":"open","ping_status":"closed","sticky":false,"template":"","format":"standard","meta":{"footnotes":""},"categories":[2719],"tags":[2910,3944,3943,2978,781,2882,1623,2980,7529,7528,1157,2694,3523,1158,2784,2982],"class_list":["post-6001","post","type-post","status-publish","format-standard","hentry","category-servidor","tag-area","tag-doutor","tag-estatistica","tag-icmc","tag-inscricoes","tag-internet","tag-jornada","tag-matematica","tag-mestre","tag-otimizacao","tag-processo","tag-professor","tag-sao-carlos","tag-seletivo","tag-temporario","tag-usp"],"_links":{"self":[{"href":"https:\/\/blogs.correiobraziliense.com.br\/servidor\/wp-json\/wp\/v2\/posts\/6001","targetHints":{"allow":["GET"]}}],"collection":[{"href":"https:\/\/blogs.correiobraziliense.com.br\/servidor\/wp-json\/wp\/v2\/posts"}],"about":[{"href":"https:\/\/blogs.correiobraziliense.com.br\/servidor\/wp-json\/wp\/v2\/types\/post"}],"author":[{"embeddable":true,"href":"https:\/\/blogs.correiobraziliense.com.br\/servidor\/wp-json\/wp\/v2\/users\/27"}],"replies":[{"embeddable":true,"href":"https:\/\/blogs.correiobraziliense.com.br\/servidor\/wp-json\/wp\/v2\/comments?post=6001"}],"version-history":[{"count":1,"href":"https:\/\/blogs.correiobraziliense.com.br\/servidor\/wp-json\/wp\/v2\/posts\/6001\/revisions"}],"predecessor-version":[{"id":6002,"href":"https:\/\/blogs.correiobraziliense.com.br\/servidor\/wp-json\/wp\/v2\/posts\/6001\/revisions\/6002"}],"wp:attachment":[{"href":"https:\/\/blogs.correiobraziliense.com.br\/servidor\/wp-json\/wp\/v2\/media?parent=6001"}],"wp:term":[{"taxonomy":"category","embeddable":true,"href":"https:\/\/blogs.correiobraziliense.com.br\/servidor\/wp-json\/wp\/v2\/categories?post=6001"},{"taxonomy":"post_tag","embeddable":true,"href":"https:\/\/blogs.correiobraziliense.com.br\/servidor\/wp-json\/wp\/v2\/tags?post=6001"}],"curies":[{"name":"wp","href":"https:\/\/api.w.org\/{rel}","templated":true}]}}